{"id":7013,"date":"2024-10-03T11:28:25","date_gmt":"2024-10-03T09:28:25","guid":{"rendered":"https:\/\/agora.xtec.cat\/escolabacdecerdanya\/?p=7013"},"modified":"2024-10-03T14:26:49","modified_gmt":"2024-10-03T12:26:49","slug":"ens-expressem-a-i3-la-rodona","status":"publish","type":"post","link":"https:\/\/agora.xtec.cat\/escolabacdecerdanya\/general\/ens-expressem-a-i3-la-rodona\/","title":{"rendered":"ENS EXPRESSEM A I3: LA RODONA"},"content":{"rendered":"\n<p>Les hores de pl\u00e0stica s\u00f3n molt divertides! A partir d&#8217;un quadre fam\u00f3s treballem les formes geom\u00e8triques i ho relacionem amb un element de la natura. Aquesta setmana i per tal de treballar la rodona hem escollit un quadre de la Frida Kahlo &#8220;El sol i la vida&#8221;. Hem observat els colors, les formes, la brillantor,&#8230;<\/p>\n\n\n\n<p>Hem cantat la can\u00e7\u00f3 de &#8220;Sol, solet&#8221;, hem fet bombolles per tal d&#8217;observar la forma de la rodona i hem fet cercles a l&#8217;aire amb el dit. <\/p>\n\n\n\n<p>Finalment hem fet el nostre sol amb ceres grogues, vermelles i taronges, els colors del sol. Quins i quines artistes!<\/p>\n\n\n\n<figure class=\"wp-block-image size-large is-resized\"><a href=\"https:\/\/drive.google.com\/drive\/folders\/11qBbtF0R882oFBJPLt0MfS7AggM62ull?usp=drive_link\"><img loading=\"lazy\" decoding=\"async\" width=\"1024\" height=\"768\" src=\"https:\/\/agora.xtec.cat\/escolabacdecerdanya\/wp-content\/uploads\/usu1753\/2024\/10\/20241002_154701-1-1024x768.jpg\" alt=\"\" class=\"wp-image-7015\" style=\"width:285px;height:auto\" srcset=\"https:\/\/agora.xtec.cat\/escolabacdecerdanya\/wp-content\/uploads\/usu1753\/2024\/10\/20241002_154701-1-1024x768.jpg 1024w, https:\/\/agora.xtec.cat\/escolabacdecerdanya\/wp-content\/uploads\/usu1753\/2024\/10\/20241002_154701-1-300x225.jpg 300w, https:\/\/agora.xtec.cat\/escolabacdecerdanya\/wp-content\/uploads\/usu1753\/2024\/10\/20241002_154701-1-768x576.jpg 768w, https:\/\/agora.xtec.cat\/escolabacdecerdanya\/wp-content\/uploads\/usu1753\/2024\/10\/20241002_154701-1-1536x1152.jpg 1536w, https:\/\/agora.xtec.cat\/escolabacdecerdanya\/wp-content\/uploads\/usu1753\/2024\/10\/20241002_154701-1-2048x1536.jpg 2048w, https:\/\/agora.xtec.cat\/escolabacdecerdanya\/wp-content\/uploads\/usu1753\/2024\/10\/20241002_154701-1-200x150.jpg 200w\" sizes=\"auto, (max-width: 1024px) 100vw, 1024px\" \/><\/a><\/figure>\n","protected":false},"excerpt":{"rendered":"<p>Les hores de pl\u00e0stica s\u00f3n molt divertides! A partir d&#8217;un quadre fam\u00f3s treballem les formes geom\u00e8triques i ho relacionem amb un element de la natura. Aquesta setmana i per tal de treballar la rodona hem escollit un quadre de la Frida Kahlo &#8220;El sol i&hellip;  <a href=\"https:\/\/agora.xtec.cat\/escolabacdecerdanya\/general\/ens-expressem-a-i3-la-rodona\/\" title=\"Read ENS EXPRESSEM A I3: LA RODONA\">Llegeix m\u00e9s\u00bb<\/a><\/p>\n","protected":false},"author":6,"featured_media":7015,"comment_status":"open","ping_status":"open","sticky":false,"template":"","format":"standard","meta":{"_bbp_topic_count":0,"_bbp_reply_count":0,"_bbp_total_topic_count":0,"_bbp_total_reply_count":0,"_bbp_voice_count":0,"_bbp_anonymous_reply_count":0,"_bbp_topic_count_hidden":0,"_bbp_reply_count_hidden":0,"_bbp_forum_subforum_count":0,"footnotes":""},"categories":[239,103,1,61,3,4],"tags":[],"class_list":["post-7013","post","type-post","status-publish","format-standard","has-post-thumbnail","hentry","category-album-de-fotos","category-infantil-2","category-general","category-novetats","category-p3","category-portada"],"post_mailing_queue_ids":[],"_links":{"self":[{"href":"https:\/\/agora.xtec.cat\/escolabacdecerdanya\/wp-json\/wp\/v2\/posts\/7013","targetHints":{"allow":["GET"]}}],"collection":[{"href":"https:\/\/agora.xtec.cat\/escolabacdecerdanya\/wp-json\/wp\/v2\/posts"}],"about":[{"href":"https:\/\/agora.xtec.cat\/escolabacdecerdanya\/wp-json\/wp\/v2\/types\/post"}],"author":[{"embeddable":true,"href":"https:\/\/agora.xtec.cat\/escolabacdecerdanya\/wp-json\/wp\/v2\/users\/6"}],"replies":[{"embeddable":true,"href":"https:\/\/agora.xtec.cat\/escolabacdecerdanya\/wp-json\/wp\/v2\/comments?post=7013"}],"version-history":[{"count":1,"href":"https:\/\/agora.xtec.cat\/escolabacdecerdanya\/wp-json\/wp\/v2\/posts\/7013\/revisions"}],"predecessor-version":[{"id":7016,"href":"https:\/\/agora.xtec.cat\/escolabacdecerdanya\/wp-json\/wp\/v2\/posts\/7013\/revisions\/7016"}],"wp:featuredmedia":[{"embeddable":true,"href":"https:\/\/agora.xtec.cat\/escolabacdecerdanya\/wp-json\/wp\/v2\/media\/7015"}],"wp:attachment":[{"href":"https:\/\/agora.xtec.cat\/escolabacdecerdanya\/wp-json\/wp\/v2\/media?parent=7013"}],"wp:term":[{"taxonomy":"category","embeddable":true,"href":"https:\/\/agora.xtec.cat\/escolabacdecerdanya\/wp-json\/wp\/v2\/categories?post=7013"},{"taxonomy":"post_tag","embeddable":true,"href":"https:\/\/agora.xtec.cat\/escolabacdecerdanya\/wp-json\/wp\/v2\/tags?post=7013"}],"curies":[{"name":"wp","href":"https:\/\/api.w.org\/{rel}","templated":true}]}}