{"id":6989,"date":"2024-09-27T13:08:47","date_gmt":"2024-09-27T11:08:47","guid":{"rendered":"https:\/\/agora.xtec.cat\/escolabacdecerdanya\/?p=6989"},"modified":"2024-09-27T13:13:07","modified_gmt":"2024-09-27T11:13:07","slug":"excursions-en-bici-per-la-cerdanya-i-educacio-vial-a-lescola","status":"publish","type":"post","link":"https:\/\/agora.xtec.cat\/escolabacdecerdanya\/general\/excursions-en-bici-per-la-cerdanya-i-educacio-vial-a-lescola\/","title":{"rendered":"Excursions en bici per la Cerdanya i educaci\u00f3 vi\u00e0ria a l&#8217;escola."},"content":{"rendered":"\n<p>Ahir va ser una jornada sobre rodes a l&#8217;escola.  Els infants d&#8217;educaci\u00f3 infantil van circular pel pati amb bicis i patinets per tal d&#8217;aprendre algunes normes de circulaci\u00f3.  Els alumnes de prim\u00e0ria van sortir en bicicleta en diferents excursions a l&#8217;entorn proper.  Cicle Inicial van anar fins l&#8217;Aer\u00f2drom de la Cerdanya i fins la granja de la Torre d&#8217;Estoll; Cicle mitj\u00e0 van anar a con\u00e8ixer l&#8217;ecosistema d&#8217;una bassa (la bassa de Sanavastre); i Cicle Superior va visitar l&#8217;esgl\u00e9sia de Talltorta i l&#8217;Espai Ceret\u00e0nia.  <\/p>\n\n\n\n<p>Si voleu veure&#8217;n les fotografies d&#8217;Educaci\u00f3 Prim\u00e0ria cliqueu <a href=\"https:\/\/drive.google.com\/drive\/folders\/1Tx1dEEW7wrBzHdMJUAT257ruvBUujN8t\" data-type=\"link\" data-id=\"https:\/\/drive.google.com\/drive\/folders\/1Tx1dEEW7wrBzHdMJUAT257ruvBUujN8t\">aqu\u00ed<\/a>.<\/p>\n\n\n\n<p>Tamb\u00e9 podeu veure les fotografies d&#8217;Educaci\u00f3 Infantil clicant <a href=\"https:\/\/drive.google.com\/drive\/folders\/1xO25G48MJVX17-PY21W7uy_Ubj2bQTLx\" data-type=\"link\" data-id=\"https:\/\/drive.google.com\/drive\/folders\/1xO25G48MJVX17-PY21W7uy_Ubj2bQTLx\">aqu\u00ed<\/a>.<\/p>\n\n\n\n<p>Recordeu que hi heu d&#8217;accedir amb la direcci\u00f3 de correu @bacdecerdanya.cat<\/p>\n\n\n\n<p><img loading=\"lazy\" decoding=\"async\" width=\"150\" height=\"200\" class=\"wp-image-6995\" style=\"width: 150px;\" src=\"https:\/\/agora.xtec.cat\/escolabacdecerdanya\/wp-content\/uploads\/usu1753\/2024\/09\/IMG-20240926-WA0006-1.jpg\" alt=\"\" srcset=\"https:\/\/agora.xtec.cat\/escolabacdecerdanya\/wp-content\/uploads\/usu1753\/2024\/09\/IMG-20240926-WA0006-1.jpg 1500w, https:\/\/agora.xtec.cat\/escolabacdecerdanya\/wp-content\/uploads\/usu1753\/2024\/09\/IMG-20240926-WA0006-1-225x300.jpg 225w, https:\/\/agora.xtec.cat\/escolabacdecerdanya\/wp-content\/uploads\/usu1753\/2024\/09\/IMG-20240926-WA0006-1-768x1024.jpg 768w, https:\/\/agora.xtec.cat\/escolabacdecerdanya\/wp-content\/uploads\/usu1753\/2024\/09\/IMG-20240926-WA0006-1-1152x1536.jpg 1152w\" sizes=\"auto, (max-width: 150px) 100vw, 150px\" \/><\/p>\n\n\n\n<p><img loading=\"lazy\" decoding=\"async\" width=\"150\" height=\"113\" class=\"wp-image-6994\" style=\"width: 150px;\" src=\"https:\/\/agora.xtec.cat\/escolabacdecerdanya\/wp-content\/uploads\/usu1753\/2024\/09\/IMG-20240925-WA0008-1.jpg\" alt=\"\" srcset=\"https:\/\/agora.xtec.cat\/escolabacdecerdanya\/wp-content\/uploads\/usu1753\/2024\/09\/IMG-20240925-WA0008-1.jpg 1984w, https:\/\/agora.xtec.cat\/escolabacdecerdanya\/wp-content\/uploads\/usu1753\/2024\/09\/IMG-20240925-WA0008-1-300x225.jpg 300w, https:\/\/agora.xtec.cat\/escolabacdecerdanya\/wp-content\/uploads\/usu1753\/2024\/09\/IMG-20240925-WA0008-1-1024x768.jpg 1024w, https:\/\/agora.xtec.cat\/escolabacdecerdanya\/wp-content\/uploads\/usu1753\/2024\/09\/IMG-20240925-WA0008-1-768x576.jpg 768w, https:\/\/agora.xtec.cat\/escolabacdecerdanya\/wp-content\/uploads\/usu1753\/2024\/09\/IMG-20240925-WA0008-1-1536x1152.jpg 1536w, https:\/\/agora.xtec.cat\/escolabacdecerdanya\/wp-content\/uploads\/usu1753\/2024\/09\/IMG-20240925-WA0008-1-200x150.jpg 200w\" sizes=\"auto, (max-width: 150px) 100vw, 150px\" \/><\/p>\n\n\n\n<p><img loading=\"lazy\" decoding=\"async\" width=\"150\" height=\"68\" class=\"wp-image-6993\" style=\"width: 150px;\" src=\"https:\/\/agora.xtec.cat\/escolabacdecerdanya\/wp-content\/uploads\/usu1753\/2024\/09\/IMG-20240925-WA0012-1.jpg\" alt=\"\" srcset=\"https:\/\/agora.xtec.cat\/escolabacdecerdanya\/wp-content\/uploads\/usu1753\/2024\/09\/IMG-20240925-WA0012-1.jpg 1600w, https:\/\/agora.xtec.cat\/escolabacdecerdanya\/wp-content\/uploads\/usu1753\/2024\/09\/IMG-20240925-WA0012-1-300x135.jpg 300w, https:\/\/agora.xtec.cat\/escolabacdecerdanya\/wp-content\/uploads\/usu1753\/2024\/09\/IMG-20240925-WA0012-1-1024x461.jpg 1024w, https:\/\/agora.xtec.cat\/escolabacdecerdanya\/wp-content\/uploads\/usu1753\/2024\/09\/IMG-20240925-WA0012-1-768x346.jpg 768w, https:\/\/agora.xtec.cat\/escolabacdecerdanya\/wp-content\/uploads\/usu1753\/2024\/09\/IMG-20240925-WA0012-1-1536x692.jpg 1536w\" sizes=\"auto, (max-width: 150px) 100vw, 150px\" \/><\/p>\n\n\n\n<p><\/p>\n\n\n\n<p><\/p>\n\n\n\n<p><a href=\"https:\/\/drive.google.com\/drive\/folders\/1xO25G48MJVX17-PY21W7uy_Ubj2bQTLx\"><img loading=\"lazy\" decoding=\"async\" width=\"150\" height=\"84\" class=\"wp-image-6996\" style=\"width: 150px;\" src=\"https:\/\/agora.xtec.cat\/escolabacdecerdanya\/wp-content\/uploads\/usu1753\/2024\/09\/IMG-20240926-WA0009.jpg\" alt=\"\" srcset=\"https:\/\/agora.xtec.cat\/escolabacdecerdanya\/wp-content\/uploads\/usu1753\/2024\/09\/IMG-20240926-WA0009.jpg 2000w, https:\/\/agora.xtec.cat\/escolabacdecerdanya\/wp-content\/uploads\/usu1753\/2024\/09\/IMG-20240926-WA0009-300x169.jpg 300w, https:\/\/agora.xtec.cat\/escolabacdecerdanya\/wp-content\/uploads\/usu1753\/2024\/09\/IMG-20240926-WA0009-1024x576.jpg 1024w, https:\/\/agora.xtec.cat\/escolabacdecerdanya\/wp-content\/uploads\/usu1753\/2024\/09\/IMG-20240926-WA0009-768x432.jpg 768w, https:\/\/agora.xtec.cat\/escolabacdecerdanya\/wp-content\/uploads\/usu1753\/2024\/09\/IMG-20240926-WA0009-1536x864.jpg 1536w\" sizes=\"auto, (max-width: 150px) 100vw, 150px\" \/><\/a><\/p>\n\n\n\n<p><\/p>\n\n\n\n<p><\/p>\n\n\n\n<p><\/p>\n\n\n\n<p><\/p>\n\n\n\n<blockquote class=\"wp-block-quote is-layout-flow wp-block-quote-is-layout-flow\">\n<p><\/p>\n<\/blockquote>\n","protected":false},"excerpt":{"rendered":"<p>Ahir va ser una jornada sobre rodes a l&#8217;escola.  Els infants d&#8217;educaci\u00f3 infantil van circular pel pati amb bicis i patinets per tal d&#8217;aprendre algunes normes de circulaci\u00f3.  Els alumnes de prim\u00e0ria van sortir en bicicleta en diferents excursions a l&#8217;entorn proper. &hellip;  <a href=\"https:\/\/agora.xtec.cat\/escolabacdecerdanya\/general\/excursions-en-bici-per-la-cerdanya-i-educacio-vial-a-lescola\/\" title=\"Read Excursions en bici per la Cerdanya i educaci\u00f3 vi\u00e0ria a l&#8217;escola.\">Llegeix m\u00e9s\u00bb<\/a><\/p>\n","protected":false},"author":32,"featured_media":6995,"comment_status":"open","ping_status":"open","sticky":false,"template":"","format":"standard","meta":{"_bbp_topic_count":0,"_bbp_reply_count":0,"_bbp_total_topic_count":0,"_bbp_total_reply_count":0,"_bbp_voice_count":0,"_bbp_anonymous_reply_count":0,"_bbp_topic_count_hidden":0,"_bbp_reply_count_hidden":0,"_bbp_forum_subforum_count":0,"footnotes":""},"categories":[1,61,4],"tags":[],"class_list":["post-6989","post","type-post","status-publish","format-standard","has-post-thumbnail","hentry","category-general","category-novetats","category-portada"],"post_mailing_queue_ids":[],"_links":{"self":[{"href":"https:\/\/agora.xtec.cat\/escolabacdecerdanya\/wp-json\/wp\/v2\/posts\/6989","targetHints":{"allow":["GET"]}}],"collection":[{"href":"https:\/\/agora.xtec.cat\/escolabacdecerdanya\/wp-json\/wp\/v2\/posts"}],"about":[{"href":"https:\/\/agora.xtec.cat\/escolabacdecerdanya\/wp-json\/wp\/v2\/types\/post"}],"author":[{"embeddable":true,"href":"https:\/\/agora.xtec.cat\/escolabacdecerdanya\/wp-json\/wp\/v2\/users\/32"}],"replies":[{"embeddable":true,"href":"https:\/\/agora.xtec.cat\/escolabacdecerdanya\/wp-json\/wp\/v2\/comments?post=6989"}],"version-history":[{"count":2,"href":"https:\/\/agora.xtec.cat\/escolabacdecerdanya\/wp-json\/wp\/v2\/posts\/6989\/revisions"}],"predecessor-version":[{"id":7007,"href":"https:\/\/agora.xtec.cat\/escolabacdecerdanya\/wp-json\/wp\/v2\/posts\/6989\/revisions\/7007"}],"wp:featuredmedia":[{"embeddable":true,"href":"https:\/\/agora.xtec.cat\/escolabacdecerdanya\/wp-json\/wp\/v2\/media\/6995"}],"wp:attachment":[{"href":"https:\/\/agora.xtec.cat\/escolabacdecerdanya\/wp-json\/wp\/v2\/media?parent=6989"}],"wp:term":[{"taxonomy":"category","embeddable":true,"href":"https:\/\/agora.xtec.cat\/escolabacdecerdanya\/wp-json\/wp\/v2\/categories?post=6989"},{"taxonomy":"post_tag","embeddable":true,"href":"https:\/\/agora.xtec.cat\/escolabacdecerdanya\/wp-json\/wp\/v2\/tags?post=6989"}],"curies":[{"name":"wp","href":"https:\/\/api.w.org\/{rel}","templated":true}]}}