{"id":6963,"date":"2024-09-12T09:00:00","date_gmt":"2024-09-12T07:00:00","guid":{"rendered":"https:\/\/agora.xtec.cat\/escolabacdecerdanya\/?p=6963"},"modified":"2024-09-12T06:56:37","modified_gmt":"2024-09-12T04:56:37","slug":"lacollida-a-i3","status":"publish","type":"post","link":"https:\/\/agora.xtec.cat\/escolabacdecerdanya\/general\/lacollida-a-i3\/","title":{"rendered":"L&#8217;ACOLLIDA A I3"},"content":{"rendered":"\n<p>&#8220;Nou curs, nova escola, nous companys i companyes,&#8230; Tot \u00e9s nou! He de tenir por?&#8221; <\/p>\n\n\n\n<figure class=\"wp-block-image size-large is-resized\"><a href=\"https:\/\/agora.xtec.cat\/escolabacdecerdanya\/wp-content\/uploads\/usu1753\/2024\/09\/195214872-emoticono-emoji-mirando-a-un-lado-y-mordiendose-las-unas-sintiendose-nervioso-o-con-miedo.jpg\"><img loading=\"lazy\" decoding=\"async\" width=\"1004\" height=\"1024\" src=\"https:\/\/agora.xtec.cat\/escolabacdecerdanya\/wp-content\/uploads\/usu1753\/2024\/09\/195214872-emoticono-emoji-mirando-a-un-lado-y-mordiendose-las-unas-sintiendose-nervioso-o-con-miedo-1004x1024.jpg\" alt=\"\" class=\"wp-image-6972\" style=\"width:130px;height:auto\" srcset=\"https:\/\/agora.xtec.cat\/escolabacdecerdanya\/wp-content\/uploads\/usu1753\/2024\/09\/195214872-emoticono-emoji-mirando-a-un-lado-y-mordiendose-las-unas-sintiendose-nervioso-o-con-miedo-1004x1024.jpg 1004w, https:\/\/agora.xtec.cat\/escolabacdecerdanya\/wp-content\/uploads\/usu1753\/2024\/09\/195214872-emoticono-emoji-mirando-a-un-lado-y-mordiendose-las-unas-sintiendose-nervioso-o-con-miedo-294x300.jpg 294w, https:\/\/agora.xtec.cat\/escolabacdecerdanya\/wp-content\/uploads\/usu1753\/2024\/09\/195214872-emoticono-emoji-mirando-a-un-lado-y-mordiendose-las-unas-sintiendose-nervioso-o-con-miedo-768x783.jpg 768w, https:\/\/agora.xtec.cat\/escolabacdecerdanya\/wp-content\/uploads\/usu1753\/2024\/09\/195214872-emoticono-emoji-mirando-a-un-lado-y-mordiendose-las-unas-sintiendose-nervioso-o-con-miedo.jpg 1275w\" sizes=\"auto, (max-width: 1004px) 100vw, 1004px\" \/><\/a><\/figure>\n\n\n\n<p>Segur que molts dels infants, que han entrat a l&#8217;escola aquest curs a I3, han sentit aix\u00f2. Des de l&#8217;escola, s&#8217;ha intentat que entressin contents i amb ganes de tornar. <\/p>\n\n\n\n<p>Per aix\u00f2, per facilitar l&#8217;acollida dels infants i de les seves fam\u00edlies, se&#8217;ls ha acompanyat i ajudat en tot moment. Pel que fa als infants se&#8217;ls ha deixat espai perqu\u00e8 s&#8217;expressesin: han jugat per racons de manera lliure, han cantat can\u00e7ons, han expressat els seus gustos a trav\u00e9s del dibuix, han compartit espais i joguines amb els amics i amigues,&#8230; Tota una aventura! <\/p>\n\n\n\n<p>L&#8217;acollida ha anat molt b\u00e9, ho han posat molt f\u00e0cil. <\/p>\n\n\n\n<p>Si voleu veure m\u00e9s fotos cliqueu la imatge.<\/p>\n\n\n\n<figure class=\"wp-block-image size-full is-resized\"><a href=\"https:\/\/drive.google.com\/drive\/folders\/11qBbtF0R882oFBJPLt0MfS7AggM62ull?usp=drive_link\"><img loading=\"lazy\" decoding=\"async\" width=\"1023\" height=\"1004\" src=\"https:\/\/agora.xtec.cat\/escolabacdecerdanya\/wp-content\/uploads\/usu1753\/2024\/09\/depositphotos_15540341-stock-illustration-thumb-up-emoticon.jpg\" alt=\"\" class=\"wp-image-6969\" style=\"width:240px;height:auto\" srcset=\"https:\/\/agora.xtec.cat\/escolabacdecerdanya\/wp-content\/uploads\/usu1753\/2024\/09\/depositphotos_15540341-stock-illustration-thumb-up-emoticon.jpg 1023w, https:\/\/agora.xtec.cat\/escolabacdecerdanya\/wp-content\/uploads\/usu1753\/2024\/09\/depositphotos_15540341-stock-illustration-thumb-up-emoticon-300x294.jpg 300w, https:\/\/agora.xtec.cat\/escolabacdecerdanya\/wp-content\/uploads\/usu1753\/2024\/09\/depositphotos_15540341-stock-illustration-thumb-up-emoticon-768x754.jpg 768w\" sizes=\"auto, (max-width: 1023px) 100vw, 1023px\" \/><\/a><\/figure>\n\n\n\n\n\n<p><\/p>\n\n\n\n<p>\/<\/p>\n\n\n\n<p><\/p>\n","protected":false},"excerpt":{"rendered":"<p>&#8220;Nou curs, nova escola, nous companys i companyes,&#8230; Tot \u00e9s nou! He de tenir por?&#8221; <\/p>\n<p><a href=\"https:\/\/agora.xtec.cat\/escolabacdecerdanya\/wp-content\/uploads\/usu1753\/2024\/09\/195214872-emoticono-emoji-mirando-a-un-lado-y-mordiendose-las-unas-sintiendose-nervioso-o-con-miedo.jpg\"><\/a><\/p>\n<p>Segur que molts dels infants, que han entrat a l&#8217;escola aquest curs a I3, han sentit aix\u00f2. Des de l&#8217;escola, s&#8217;ha intentat que entressin contents i amb ganes de&hellip;  <a href=\"https:\/\/agora.xtec.cat\/escolabacdecerdanya\/general\/lacollida-a-i3\/\" title=\"Read L&#8217;ACOLLIDA A I3\">Llegeix m\u00e9s\u00bb<\/a><\/p>\n","protected":false},"author":6,"featured_media":6972,"comment_status":"open","ping_status":"open","sticky":false,"template":"","format":"standard","meta":{"_bbp_topic_count":0,"_bbp_reply_count":0,"_bbp_total_topic_count":0,"_bbp_total_reply_count":0,"_bbp_voice_count":0,"_bbp_anonymous_reply_count":0,"_bbp_topic_count_hidden":0,"_bbp_reply_count_hidden":0,"_bbp_forum_subforum_count":0,"footnotes":""},"categories":[103,1,61,3,4],"tags":[],"class_list":["post-6963","post","type-post","status-publish","format-standard","has-post-thumbnail","hentry","category-infantil-2","category-general","category-novetats","category-p3","category-portada"],"post_mailing_queue_ids":[],"_links":{"self":[{"href":"https:\/\/agora.xtec.cat\/escolabacdecerdanya\/wp-json\/wp\/v2\/posts\/6963","targetHints":{"allow":["GET"]}}],"collection":[{"href":"https:\/\/agora.xtec.cat\/escolabacdecerdanya\/wp-json\/wp\/v2\/posts"}],"about":[{"href":"https:\/\/agora.xtec.cat\/escolabacdecerdanya\/wp-json\/wp\/v2\/types\/post"}],"author":[{"embeddable":true,"href":"https:\/\/agora.xtec.cat\/escolabacdecerdanya\/wp-json\/wp\/v2\/users\/6"}],"replies":[{"embeddable":true,"href":"https:\/\/agora.xtec.cat\/escolabacdecerdanya\/wp-json\/wp\/v2\/comments?post=6963"}],"version-history":[{"count":5,"href":"https:\/\/agora.xtec.cat\/escolabacdecerdanya\/wp-json\/wp\/v2\/posts\/6963\/revisions"}],"predecessor-version":[{"id":6975,"href":"https:\/\/agora.xtec.cat\/escolabacdecerdanya\/wp-json\/wp\/v2\/posts\/6963\/revisions\/6975"}],"wp:featuredmedia":[{"embeddable":true,"href":"https:\/\/agora.xtec.cat\/escolabacdecerdanya\/wp-json\/wp\/v2\/media\/6972"}],"wp:attachment":[{"href":"https:\/\/agora.xtec.cat\/escolabacdecerdanya\/wp-json\/wp\/v2\/media?parent=6963"}],"wp:term":[{"taxonomy":"category","embeddable":true,"href":"https:\/\/agora.xtec.cat\/escolabacdecerdanya\/wp-json\/wp\/v2\/categories?post=6963"},{"taxonomy":"post_tag","embeddable":true,"href":"https:\/\/agora.xtec.cat\/escolabacdecerdanya\/wp-json\/wp\/v2\/tags?post=6963"}],"curies":[{"name":"wp","href":"https:\/\/api.w.org\/{rel}","templated":true}]}}