{"id":6934,"date":"2024-06-26T09:31:33","date_gmt":"2024-06-26T07:31:33","guid":{"rendered":"https:\/\/agora.xtec.cat\/escolabacdecerdanya\/?p=6934"},"modified":"2024-06-26T09:31:34","modified_gmt":"2024-06-26T07:31:34","slug":"conferencies-2","status":"publish","type":"post","link":"https:\/\/agora.xtec.cat\/escolabacdecerdanya\/general\/conferencies-2\/","title":{"rendered":"CONFER\u00c8NCIES"},"content":{"rendered":"\n<p>Un dels projectes que hem treballat ha estat sobre els animals. Per aix\u00f2 cada un de nosaltres ha preparat una confer\u00e8ncia.<\/p>\n\n\n\n<p>Primer hem anat explicant coses que sab\u00edem, despr\u00e9s n\u2019hem escollit un que ens agrad\u00e9s molt i aix\u00ed poder explicar-lo molt b\u00e9 als nostres companys, despr\u00e9s ens hem emportat una cartolina i ho hem preparat a casa amb l\u2019ajuda dels pares.<\/p>\n\n\n\n<p>Hi ha hagut molta variaci\u00f3, alguns eren dels que viuen a terra, altres a&nbsp;&nbsp;&nbsp;&nbsp;&nbsp;&nbsp; l\u2019 aire, altres a l\u2019aigua&#8230; i fins i tot r\u00e8ptils i insectes.<\/p>\n\n\n\n<p>Les explicacions han anat molt b\u00e9, tots ens hem esfor\u00e7ar molt i aix\u00f2 ha fet que haguem apr\u00e8s moltes coses.<\/p>\n\n\n\n<p>Ha estat molt positiu perqu\u00e8 tamb\u00e9 ens ha ajudat a parlar davant dels companys i aix\u00f2 fa una mica de vergonya.<\/p>\n\n\n\n<p>\u00a0\u00a0\u00a0\u00a0\u00a0\u00a0\u00a0\u00a0\u00a0\u00a0\u00a0\u00a0\u00a0\u00a0\u00a0\u00a0\u00a0\u00a0\u00a0\u00a0\u00a0\u00a0\u00a0\u00a0\u00a0\u00a0\u00a0\u00a0\u00a0\u00a0\u00a0\u00a0\u00a0\u00a0\u00a0\u00a0\u00a0\u00a0\u00a0\u00a0\u00a0\u00a0\u00a0\u00a0\u00a0\u00a0\u00a0\u00a0\u00a0\u00a0\u00a0\u00a0\u00a0\u00a0\u00a0\u00a0\u00a0\u00a0 Nenes i nens de 1r<\/p>\n\n\n\n<figure class=\"wp-block-image size-large\"><a href=\"https:\/\/drive.google.com\/drive\/folders\/19Jjp21964VdGDm28UuooJ3Y77OmKKM-6?usp=drive_link\"><img loading=\"lazy\" decoding=\"async\" width=\"1024\" height=\"768\" src=\"https:\/\/agora.xtec.cat\/escolabacdecerdanya\/wp-content\/uploads\/usu1753\/2024\/06\/20240312_093459-1-1024x768.jpg\" alt=\"\" class=\"wp-image-6935\" srcset=\"https:\/\/agora.xtec.cat\/escolabacdecerdanya\/wp-content\/uploads\/usu1753\/2024\/06\/20240312_093459-1-1024x768.jpg 1024w, https:\/\/agora.xtec.cat\/escolabacdecerdanya\/wp-content\/uploads\/usu1753\/2024\/06\/20240312_093459-1-300x225.jpg 300w, https:\/\/agora.xtec.cat\/escolabacdecerdanya\/wp-content\/uploads\/usu1753\/2024\/06\/20240312_093459-1-768x576.jpg 768w, https:\/\/agora.xtec.cat\/escolabacdecerdanya\/wp-content\/uploads\/usu1753\/2024\/06\/20240312_093459-1-1536x1152.jpg 1536w, https:\/\/agora.xtec.cat\/escolabacdecerdanya\/wp-content\/uploads\/usu1753\/2024\/06\/20240312_093459-1-2048x1536.jpg 2048w, https:\/\/agora.xtec.cat\/escolabacdecerdanya\/wp-content\/uploads\/usu1753\/2024\/06\/20240312_093459-1-200x150.jpg 200w\" sizes=\"auto, (max-width: 1024px) 100vw, 1024px\" \/><\/a><\/figure>\n","protected":false},"excerpt":{"rendered":"<p>Un dels projectes que hem treballat ha estat sobre els animals. Per aix\u00f2 cada un de nosaltres ha preparat una confer\u00e8ncia.<\/p>\n<p>Primer hem anat explicant coses que sab\u00edem, despr\u00e9s n\u2019hem escollit un que ens agrad\u00e9s molt i aix\u00ed poder explicar-lo molt b\u00e9 als nostres companys, despr\u00e9s&hellip;  <a href=\"https:\/\/agora.xtec.cat\/escolabacdecerdanya\/general\/conferencies-2\/\" title=\"Read CONFER\u00c8NCIES\">Llegeix m\u00e9s\u00bb<\/a><\/p>\n","protected":false},"author":55,"featured_media":6935,"comment_status":"open","ping_status":"open","sticky":false,"template":"","format":"standard","meta":{"_bbp_topic_count":0,"_bbp_reply_count":0,"_bbp_total_topic_count":0,"_bbp_total_reply_count":0,"_bbp_voice_count":0,"_bbp_anonymous_reply_count":0,"_bbp_topic_count_hidden":0,"_bbp_reply_count_hidden":0,"_bbp_forum_subforum_count":0,"footnotes":""},"categories":[10,239,240,243,1,61,4],"tags":[],"class_list":["post-6934","post","type-post","status-publish","format-standard","has-post-thumbnail","hentry","category-1r","category-album-de-fotos","category-cicle-inicial","category-ft-cicle-inicial","category-general","category-novetats","category-portada"],"post_mailing_queue_ids":[],"_links":{"self":[{"href":"https:\/\/agora.xtec.cat\/escolabacdecerdanya\/wp-json\/wp\/v2\/posts\/6934","targetHints":{"allow":["GET"]}}],"collection":[{"href":"https:\/\/agora.xtec.cat\/escolabacdecerdanya\/wp-json\/wp\/v2\/posts"}],"about":[{"href":"https:\/\/agora.xtec.cat\/escolabacdecerdanya\/wp-json\/wp\/v2\/types\/post"}],"author":[{"embeddable":true,"href":"https:\/\/agora.xtec.cat\/escolabacdecerdanya\/wp-json\/wp\/v2\/users\/55"}],"replies":[{"embeddable":true,"href":"https:\/\/agora.xtec.cat\/escolabacdecerdanya\/wp-json\/wp\/v2\/comments?post=6934"}],"version-history":[{"count":1,"href":"https:\/\/agora.xtec.cat\/escolabacdecerdanya\/wp-json\/wp\/v2\/posts\/6934\/revisions"}],"predecessor-version":[{"id":6936,"href":"https:\/\/agora.xtec.cat\/escolabacdecerdanya\/wp-json\/wp\/v2\/posts\/6934\/revisions\/6936"}],"wp:featuredmedia":[{"embeddable":true,"href":"https:\/\/agora.xtec.cat\/escolabacdecerdanya\/wp-json\/wp\/v2\/media\/6935"}],"wp:attachment":[{"href":"https:\/\/agora.xtec.cat\/escolabacdecerdanya\/wp-json\/wp\/v2\/media?parent=6934"}],"wp:term":[{"taxonomy":"category","embeddable":true,"href":"https:\/\/agora.xtec.cat\/escolabacdecerdanya\/wp-json\/wp\/v2\/categories?post=6934"},{"taxonomy":"post_tag","embeddable":true,"href":"https:\/\/agora.xtec.cat\/escolabacdecerdanya\/wp-json\/wp\/v2\/tags?post=6934"}],"curies":[{"name":"wp","href":"https:\/\/api.w.org\/{rel}","templated":true}]}}