{"id":6927,"date":"2024-06-25T13:43:43","date_gmt":"2024-06-25T11:43:43","guid":{"rendered":"https:\/\/agora.xtec.cat\/escolabacdecerdanya\/?p=6927"},"modified":"2024-06-25T13:43:44","modified_gmt":"2024-06-25T11:43:44","slug":"expliquem-contes","status":"publish","type":"post","link":"https:\/\/agora.xtec.cat\/escolabacdecerdanya\/general\/expliquem-contes\/","title":{"rendered":"Expliquem contes"},"content":{"rendered":"\n<p>Durant aquest tercer trimestre, els alumnes de Cicle Superior, han estat preparant contes tradicionals en grups per anar-los a explicar als nens\/es de la Llar d&#8217;Infants Municipal. Els tres porquets, la llebre i la tortuga, la Caputxeta Vermella i en Pinotxo han estat els contes escollits. Ha estat una activitat que ha agradat molt tant als petits com als grans. Un dels contes van ser els alumnes de la Llar que es van depla\u00e7ar a l&#8217;escola per escoltar-lo i aix\u00ed tamb\u00e9 van tenir l&#8217;oportunitat de fer una visita a l&#8217;escola, que per molts, ser\u00e0 l&#8217;escola a on aniran el pr\u00f2xim curs.<\/p>\n\n\n\n<div class=\"wp-block-cover alignfull\" style=\"padding-top:4vw;padding-right:4vw;padding-bottom:4vw;padding-left:4vw;min-height:409px;aspect-ratio:unset;\"><span aria-hidden=\"true\" class=\"wp-block-cover__background has-black-background-color has-background-dim-100 has-background-dim\"><\/span><div class=\"wp-block-cover__inner-container is-layout-flow wp-block-cover-is-layout-flow\">\n<div class=\"wp-block-group is-content-justification-center is-nowrap is-layout-flex wp-container-core-group-is-layout-1 wp-block-group-is-layout-flex\">\n<figure class=\"wp-block-image size-large\"><img loading=\"lazy\" decoding=\"async\" width=\"1024\" height=\"768\" src=\"https:\/\/agora.xtec.cat\/escolabacdecerdanya\/wp-content\/uploads\/usu1753\/2024\/06\/PHOTO-2024-06-25-13-26-54-1024x768.jpg\" alt=\"\" class=\"wp-image-6930\" srcset=\"https:\/\/agora.xtec.cat\/escolabacdecerdanya\/wp-content\/uploads\/usu1753\/2024\/06\/PHOTO-2024-06-25-13-26-54-1024x768.jpg 1024w, https:\/\/agora.xtec.cat\/escolabacdecerdanya\/wp-content\/uploads\/usu1753\/2024\/06\/PHOTO-2024-06-25-13-26-54-300x225.jpg 300w, https:\/\/agora.xtec.cat\/escolabacdecerdanya\/wp-content\/uploads\/usu1753\/2024\/06\/PHOTO-2024-06-25-13-26-54-768x576.jpg 768w, https:\/\/agora.xtec.cat\/escolabacdecerdanya\/wp-content\/uploads\/usu1753\/2024\/06\/PHOTO-2024-06-25-13-26-54-1536x1152.jpg 1536w, https:\/\/agora.xtec.cat\/escolabacdecerdanya\/wp-content\/uploads\/usu1753\/2024\/06\/PHOTO-2024-06-25-13-26-54-200x150.jpg 200w, https:\/\/agora.xtec.cat\/escolabacdecerdanya\/wp-content\/uploads\/usu1753\/2024\/06\/PHOTO-2024-06-25-13-26-54.jpg 1600w\" sizes=\"auto, (max-width: 1024px) 100vw, 1024px\" \/><\/figure>\n\n\n\n<figure class=\"wp-block-image size-large\"><img loading=\"lazy\" decoding=\"async\" width=\"1024\" height=\"768\" src=\"https:\/\/agora.xtec.cat\/escolabacdecerdanya\/wp-content\/uploads\/usu1753\/2024\/06\/PHOTO-2024-06-25-13-27-46-1024x768.jpg\" alt=\"\" class=\"wp-image-6929\" srcset=\"https:\/\/agora.xtec.cat\/escolabacdecerdanya\/wp-content\/uploads\/usu1753\/2024\/06\/PHOTO-2024-06-25-13-27-46-1024x768.jpg 1024w, https:\/\/agora.xtec.cat\/escolabacdecerdanya\/wp-content\/uploads\/usu1753\/2024\/06\/PHOTO-2024-06-25-13-27-46-300x225.jpg 300w, https:\/\/agora.xtec.cat\/escolabacdecerdanya\/wp-content\/uploads\/usu1753\/2024\/06\/PHOTO-2024-06-25-13-27-46-768x576.jpg 768w, https:\/\/agora.xtec.cat\/escolabacdecerdanya\/wp-content\/uploads\/usu1753\/2024\/06\/PHOTO-2024-06-25-13-27-46-1536x1152.jpg 1536w, https:\/\/agora.xtec.cat\/escolabacdecerdanya\/wp-content\/uploads\/usu1753\/2024\/06\/PHOTO-2024-06-25-13-27-46-200x150.jpg 200w, https:\/\/agora.xtec.cat\/escolabacdecerdanya\/wp-content\/uploads\/usu1753\/2024\/06\/PHOTO-2024-06-25-13-27-46.jpg 1600w\" sizes=\"auto, (max-width: 1024px) 100vw, 1024px\" \/><\/figure>\n<\/div>\n<\/div><\/div>\n\n\n\n<p><\/p>\n\n\n","protected":false},"excerpt":{"rendered":"<p>Durant aquest tercer trimestre, els alumnes de Cicle Superior, han estat preparant contes tradicionals en grups per anar-los a explicar als nens\/es de la Llar d&#8217;Infants Municipal. Els tres porquets, la llebre i la tortuga, la Caputxeta Vermella i en Pinotxo han estat els contes&hellip;  <a href=\"https:\/\/agora.xtec.cat\/escolabacdecerdanya\/general\/expliquem-contes\/\" title=\"Read Expliquem contes\">Llegeix m\u00e9s\u00bb<\/a><\/p>\n","protected":false},"author":15,"featured_media":6928,"comment_status":"open","ping_status":"open","sticky":false,"template":"","format":"standard","meta":{"_bbp_topic_count":0,"_bbp_reply_count":0,"_bbp_total_topic_count":0,"_bbp_total_reply_count":0,"_bbp_voice_count":0,"_bbp_anonymous_reply_count":0,"_bbp_topic_count_hidden":0,"_bbp_reply_count_hidden":0,"_bbp_forum_subforum_count":0,"footnotes":""},"categories":[239,241,1,61,4],"tags":[],"class_list":["post-6927","post","type-post","status-publish","format-standard","has-post-thumbnail","hentry","category-album-de-fotos","category-ft-cicle-superior","category-general","category-novetats","category-portada"],"post_mailing_queue_ids":[],"_links":{"self":[{"href":"https:\/\/agora.xtec.cat\/escolabacdecerdanya\/wp-json\/wp\/v2\/posts\/6927","targetHints":{"allow":["GET"]}}],"collection":[{"href":"https:\/\/agora.xtec.cat\/escolabacdecerdanya\/wp-json\/wp\/v2\/posts"}],"about":[{"href":"https:\/\/agora.xtec.cat\/escolabacdecerdanya\/wp-json\/wp\/v2\/types\/post"}],"author":[{"embeddable":true,"href":"https:\/\/agora.xtec.cat\/escolabacdecerdanya\/wp-json\/wp\/v2\/users\/15"}],"replies":[{"embeddable":true,"href":"https:\/\/agora.xtec.cat\/escolabacdecerdanya\/wp-json\/wp\/v2\/comments?post=6927"}],"version-history":[{"count":1,"href":"https:\/\/agora.xtec.cat\/escolabacdecerdanya\/wp-json\/wp\/v2\/posts\/6927\/revisions"}],"predecessor-version":[{"id":6931,"href":"https:\/\/agora.xtec.cat\/escolabacdecerdanya\/wp-json\/wp\/v2\/posts\/6927\/revisions\/6931"}],"wp:featuredmedia":[{"embeddable":true,"href":"https:\/\/agora.xtec.cat\/escolabacdecerdanya\/wp-json\/wp\/v2\/media\/6928"}],"wp:attachment":[{"href":"https:\/\/agora.xtec.cat\/escolabacdecerdanya\/wp-json\/wp\/v2\/media?parent=6927"}],"wp:term":[{"taxonomy":"category","embeddable":true,"href":"https:\/\/agora.xtec.cat\/escolabacdecerdanya\/wp-json\/wp\/v2\/categories?post=6927"},{"taxonomy":"post_tag","embeddable":true,"href":"https:\/\/agora.xtec.cat\/escolabacdecerdanya\/wp-json\/wp\/v2\/tags?post=6927"}],"curies":[{"name":"wp","href":"https:\/\/api.w.org\/{rel}","templated":true}]}}