{"id":6907,"date":"2024-06-25T12:57:19","date_gmt":"2024-06-25T10:57:19","guid":{"rendered":"https:\/\/agora.xtec.cat\/escolabacdecerdanya\/?p=6907"},"modified":"2024-06-25T13:00:35","modified_gmt":"2024-06-25T11:00:35","slug":"fi-de-curs","status":"publish","type":"post","link":"https:\/\/agora.xtec.cat\/escolabacdecerdanya\/general\/fi-de-curs\/","title":{"rendered":"FI DE CURS !"},"content":{"rendered":"\n<div class=\"wp-block-getwid-section alignfull alignfull getwid-section-content-custom-width\"><div class=\"wp-block-getwid-section__wrapper getwid-padding-left-medium getwid-padding-right-medium\"><div class=\"wp-block-getwid-section__inner-wrapper\" style=\"max-width:740px\"><div class=\"wp-block-getwid-section__background-holder\"><div class=\"wp-block-getwid-section__background\"><\/div><div class=\"wp-block-getwid-section__foreground\"><\/div><\/div><div class=\"wp-block-getwid-section__content\"><div class=\"wp-block-getwid-section__inner-content\"><div class=\"wp-block-image\">\n<figure class=\"alignleft size-large is-resized\"><a href=\"https:\/\/agora.xtec.cat\/escolabacdecerdanya\/wp-content\/uploads\/usu1753\/2024\/06\/IMG-20240625-WA0004.jpg\"><img loading=\"lazy\" decoding=\"async\" width=\"1024\" height=\"576\" src=\"https:\/\/agora.xtec.cat\/escolabacdecerdanya\/wp-content\/uploads\/usu1753\/2024\/06\/IMG-20240625-WA0004-1024x576.jpg\" alt=\"\" class=\"wp-image-6922\" style=\"aspect-ratio:1.7777777777777777;width:493px;height:auto\" srcset=\"https:\/\/agora.xtec.cat\/escolabacdecerdanya\/wp-content\/uploads\/usu1753\/2024\/06\/IMG-20240625-WA0004-1024x576.jpg 1024w, https:\/\/agora.xtec.cat\/escolabacdecerdanya\/wp-content\/uploads\/usu1753\/2024\/06\/IMG-20240625-WA0004-300x169.jpg 300w, https:\/\/agora.xtec.cat\/escolabacdecerdanya\/wp-content\/uploads\/usu1753\/2024\/06\/IMG-20240625-WA0004-768x432.jpg 768w, https:\/\/agora.xtec.cat\/escolabacdecerdanya\/wp-content\/uploads\/usu1753\/2024\/06\/IMG-20240625-WA0004-1536x864.jpg 1536w, https:\/\/agora.xtec.cat\/escolabacdecerdanya\/wp-content\/uploads\/usu1753\/2024\/06\/IMG-20240625-WA0004.jpg 2000w\" sizes=\"auto, (max-width: 1024px) 100vw, 1024px\" \/><\/a><\/figure><\/div>\n\n\n<p class=\"has-text-color has-medium-font-size\" style=\"color:#000000\"><strong>Divendres 21 de juny vam fer la festa de final de curs.<\/strong><\/p>\n\n\n\n<p>Divendres passat va ser un dia molt especial a l&#8217;escola: vam celebrar el fi de curs!<\/p>\n\n\n\n<p>Vam comen\u00e7ar el mat\u00ed cadasc\u00fa a la seva classe mirant la revista de l&#8217;escola i recordant els bons moments que hem passat tots junts a l&#8217;escola.<\/p>\n\n\n\n<p>Despr\u00e9s vam tenir un mat\u00ed molt entretingut saltant als inflables i fent jocs amb els companys de cicle. Va ser molt divertit.<\/p>\n\n\n\n<p>A les 12.00h van entrar les fam\u00edlies a fer el comiat als alumnes de 6\u00e8  que se&#8217;n van a l&#8217;institut. Tamb\u00e9 ens vam acomiadar del nostre mestre Joan Bresc\u00f3 que se&#8217;n va a una escola de la seva terra. Es va fer entrega de revistes de l&#8217;escola als alumnes guanyadors del concurs de portades i abans d&#8217;anar a dinar vam cantar l&#8217;himne de l&#8217;escola tots junts.<\/p>\n\n\n\n<p>El gimn\u00e0s es va convertir per un dia en un fant\u00e0stic menjador on vam compartir dinar fam\u00edlies, mestres i alumnes. El Jose ens va fer un dinar bon\u00edssim!<\/p>\n\n\n\n<p>Ara marxem de vacances per\u00f2 al setembre tornarem!<\/p>\n\n\n\n<p><\/p>\n\n\n\n<div class=\"wp-block-getwid-advanced-spacer\" style=\"height:20px\" aria-hidden=\"true\"><\/div>\n\n\n\n<div class=\"wp-block-button aligncenter\"><a class=\"wp-block-button__link has-text-color has-background wp-element-button\" href=\"https:\/\/drive.google.com\/drive\/u\/0\/folders\/1CHvE90-ppktydwa2gkerRxfKub62hJif\" style=\"color:#ffffff;background-color:#000000\">imatges<\/a><\/div>\n<\/div><\/div><\/div><\/div><\/div>\n","protected":false},"excerpt":{"rendered":"<p><a href=\"https:\/\/agora.xtec.cat\/escolabacdecerdanya\/wp-content\/uploads\/usu1753\/2024\/06\/IMG-20240625-WA0004.jpg\"><\/a><\/p>\n<p>Divendres 21 de juny vam fer la festa de final de curs.<\/p>\n<p>Divendres passat va ser un dia molt especial a l&#8217;escola: vam celebrar el fi de curs!<\/p>\n<p>Vam comen\u00e7ar el mat\u00ed cadasc\u00fa a la seva classe mirant la revista de l&#8217;escola i recordant els bons&hellip;  <a href=\"https:\/\/agora.xtec.cat\/escolabacdecerdanya\/general\/fi-de-curs\/\" title=\"Read FI DE CURS !\">Llegeix m\u00e9s\u00bb<\/a><\/p>\n","protected":false},"author":8,"featured_media":6922,"comment_status":"open","ping_status":"open","sticky":false,"template":"","format":"standard","meta":{"_bbp_topic_count":0,"_bbp_reply_count":0,"_bbp_total_topic_count":0,"_bbp_total_reply_count":0,"_bbp_voice_count":0,"_bbp_anonymous_reply_count":0,"_bbp_topic_count_hidden":0,"_bbp_reply_count_hidden":0,"_bbp_forum_subforum_count":0,"footnotes":""},"categories":[161,217,1,63,4],"tags":[],"class_list":["post-6907","post","type-post","status-publish","format-standard","has-post-thumbnail","hentry","category-festes","category-final-de-curs","category-general","category-himne","category-portada"],"post_mailing_queue_ids":[],"_links":{"self":[{"href":"https:\/\/agora.xtec.cat\/escolabacdecerdanya\/wp-json\/wp\/v2\/posts\/6907","targetHints":{"allow":["GET"]}}],"collection":[{"href":"https:\/\/agora.xtec.cat\/escolabacdecerdanya\/wp-json\/wp\/v2\/posts"}],"about":[{"href":"https:\/\/agora.xtec.cat\/escolabacdecerdanya\/wp-json\/wp\/v2\/types\/post"}],"author":[{"embeddable":true,"href":"https:\/\/agora.xtec.cat\/escolabacdecerdanya\/wp-json\/wp\/v2\/users\/8"}],"replies":[{"embeddable":true,"href":"https:\/\/agora.xtec.cat\/escolabacdecerdanya\/wp-json\/wp\/v2\/comments?post=6907"}],"version-history":[{"count":5,"href":"https:\/\/agora.xtec.cat\/escolabacdecerdanya\/wp-json\/wp\/v2\/posts\/6907\/revisions"}],"predecessor-version":[{"id":6925,"href":"https:\/\/agora.xtec.cat\/escolabacdecerdanya\/wp-json\/wp\/v2\/posts\/6907\/revisions\/6925"}],"wp:featuredmedia":[{"embeddable":true,"href":"https:\/\/agora.xtec.cat\/escolabacdecerdanya\/wp-json\/wp\/v2\/media\/6922"}],"wp:attachment":[{"href":"https:\/\/agora.xtec.cat\/escolabacdecerdanya\/wp-json\/wp\/v2\/media?parent=6907"}],"wp:term":[{"taxonomy":"category","embeddable":true,"href":"https:\/\/agora.xtec.cat\/escolabacdecerdanya\/wp-json\/wp\/v2\/categories?post=6907"},{"taxonomy":"post_tag","embeddable":true,"href":"https:\/\/agora.xtec.cat\/escolabacdecerdanya\/wp-json\/wp\/v2\/tags?post=6907"}],"curies":[{"name":"wp","href":"https:\/\/api.w.org\/{rel}","templated":true}]}}