{"id":6870,"date":"2024-06-21T09:13:00","date_gmt":"2024-06-21T07:13:00","guid":{"rendered":"https:\/\/agora.xtec.cat\/escolabacdecerdanya\/?p=6870"},"modified":"2024-06-21T09:15:12","modified_gmt":"2024-06-21T07:15:12","slug":"revista-digital-isard-44","status":"publish","type":"post","link":"https:\/\/agora.xtec.cat\/escolabacdecerdanya\/general\/revista-digital-isard-44\/","title":{"rendered":"REVISTA DIGITAL ISARD 44"},"content":{"rendered":"\n<div style=\"text-align:center;\"><div style=\"margin:8px 0px 4px;\"><a href=\"https:\/\/www.calameo.com\/books\/007656292d26a26ddc98e\" target=\"_blank\" rel=\"noopener\"><\/a><\/div><iframe loading=\"lazy\" src=\"\/\/v.calameo.com\/?bkcode=007656292d26a26ddc98e&#038;mode=mini\" width=\"480\" height=\"300\" frameborder=\"0\" scrolling=\"no\" allowtransparency allowfullscreen style=\"margin:0 auto;\"><\/iframe><div style=\"margin:4px 0px 8px;\"><a href=\"http:\/\/www.calameo.com\/\" target=\"_blank\" rel=\"noopener\"><\/a><\/div><\/div>\n\n\n\n<figure class=\"wp-block-image size-large is-resized\"><a href=\"https:\/\/agora.xtec.cat\/escolabacdecerdanya\/wp-content\/uploads\/usu1753\/2024\/06\/image-2.png\"><img loading=\"lazy\" decoding=\"async\" width=\"1024\" height=\"773\" src=\"https:\/\/agora.xtec.cat\/escolabacdecerdanya\/wp-content\/uploads\/usu1753\/2024\/06\/image-2-1024x773.png\" alt=\"\" class=\"wp-image-6879\" style=\"aspect-ratio:1.3247089262613196;width:183px;height:auto\" srcset=\"https:\/\/agora.xtec.cat\/escolabacdecerdanya\/wp-content\/uploads\/usu1753\/2024\/06\/image-2-1024x773.png 1024w, https:\/\/agora.xtec.cat\/escolabacdecerdanya\/wp-content\/uploads\/usu1753\/2024\/06\/image-2-300x227.png 300w, https:\/\/agora.xtec.cat\/escolabacdecerdanya\/wp-content\/uploads\/usu1753\/2024\/06\/image-2-768x580.png 768w, https:\/\/agora.xtec.cat\/escolabacdecerdanya\/wp-content\/uploads\/usu1753\/2024\/06\/image-2-1536x1160.png 1536w, https:\/\/agora.xtec.cat\/escolabacdecerdanya\/wp-content\/uploads\/usu1753\/2024\/06\/image-2-2048x1547.png 2048w, https:\/\/agora.xtec.cat\/escolabacdecerdanya\/wp-content\/uploads\/usu1753\/2024\/06\/image-2-200x150.png 200w\" sizes=\"auto, (max-width: 1024px) 100vw, 1024px\" \/><\/a><\/figure>\n\n\n\n<p>Aqu\u00ed tenim un any m\u00e9s, la Revista Isard, la nostra revista escolar. Una revista elaborada i protagonitzada per mestr@s i alumn@s. Una revista que inclou articles relacionats amb les activitats que anem fent al llarg del curs escolar. Una revista que es fa amb il\u00b7lusi\u00f3. <\/p>\n\n\n\n<p>Enhorabona als <strong>alumn@s guanyad@rs<\/strong> d&#8217;aquest any: <\/p>\n\n\n\n<figure class=\"wp-block-image size-full is-resized\"><a href=\"https:\/\/agora.xtec.cat\/escolabacdecerdanya\/wp-content\/uploads\/usu1753\/2024\/06\/image-1.png\"><img loading=\"lazy\" decoding=\"async\" width=\"512\" height=\"512\" src=\"https:\/\/agora.xtec.cat\/escolabacdecerdanya\/wp-content\/uploads\/usu1753\/2024\/06\/image-1.png\" alt=\"\" class=\"wp-image-6878\" style=\"aspect-ratio:1;width:77px;height:auto\" srcset=\"https:\/\/agora.xtec.cat\/escolabacdecerdanya\/wp-content\/uploads\/usu1753\/2024\/06\/image-1.png 512w, https:\/\/agora.xtec.cat\/escolabacdecerdanya\/wp-content\/uploads\/usu1753\/2024\/06\/image-1-300x300.png 300w, https:\/\/agora.xtec.cat\/escolabacdecerdanya\/wp-content\/uploads\/usu1753\/2024\/06\/image-1-150x150.png 150w\" sizes=\"auto, (max-width: 512px) 100vw, 512px\" \/><\/a><\/figure>\n\n\n\n<p><mark style=\"background-color:rgba(0, 0, 0, 0)\" class=\"has-inline-color has-luminous-vivid-orange-color\"><strong>Portada: Daniela Melero (5\u00e8)<br>Portada interior: Arnau Muntan\u00e9 (4t)<br>Contraportada: Biel Tarr\u00e9s (I5)<br>Contraportada interior: Gala Melero (2n)<\/strong><\/mark><\/p>\n\n\n","protected":false},"excerpt":{"rendered":"<p><a href=\"https:\/\/www.calameo.com\/books\/007656292d26a26ddc98e\" target=\"_blank\" rel=\"noopener\"><\/a><a href=\"http:\/\/www.calameo.com\/\" target=\"_blank\" rel=\"noopener\"><\/a><\/p>\n<p><a href=\"https:\/\/agora.xtec.cat\/escolabacdecerdanya\/wp-content\/uploads\/usu1753\/2024\/06\/image-2.png\"><\/a><\/p>\n<p>Aqu\u00ed tenim un any m\u00e9s, la Revista Isard, la nostra revista escolar. Una revista elaborada i protagonitzada per mestr@s i alumn@s. Una revista que inclou articles relacionats amb les activitats que anem fent al llarg del curs escolar.&hellip;  <a href=\"https:\/\/agora.xtec.cat\/escolabacdecerdanya\/general\/revista-digital-isard-44\/\" title=\"Read REVISTA DIGITAL ISARD 44\">Llegeix m\u00e9s\u00bb<\/a><\/p>\n","protected":false},"author":6,"featured_media":6873,"comment_status":"open","ping_status":"open","sticky":false,"template":"","format":"standard","meta":{"_bbp_topic_count":0,"_bbp_reply_count":0,"_bbp_total_topic_count":0,"_bbp_total_reply_count":0,"_bbp_voice_count":0,"_bbp_anonymous_reply_count":0,"_bbp_topic_count_hidden":0,"_bbp_reply_count_hidden":0,"_bbp_forum_subforum_count":0,"footnotes":""},"categories":[10,11,12,13,14,15,239,104,240,105,76,103,217,243,242,241,1,61,3,8,9,4,194],"tags":[],"class_list":["post-6870","post","type-post","status-publish","format-standard","has-post-thumbnail","hentry","category-1r","category-2n","category-3r","category-4t","category-5e","category-6e","category-album-de-fotos","category-inicial","category-cicle-inicial","category-mitja","category-cicle-superior","category-infantil-2","category-final-de-curs","category-ft-cicle-inicial","category-ft-cicle-mitja","category-ft-cicle-superior","category-general","category-novetats","category-p3","category-p4","category-p5","category-portada","category-revista-isard"],"post_mailing_queue_ids":[],"_links":{"self":[{"href":"https:\/\/agora.xtec.cat\/escolabacdecerdanya\/wp-json\/wp\/v2\/posts\/6870","targetHints":{"allow":["GET"]}}],"collection":[{"href":"https:\/\/agora.xtec.cat\/escolabacdecerdanya\/wp-json\/wp\/v2\/posts"}],"about":[{"href":"https:\/\/agora.xtec.cat\/escolabacdecerdanya\/wp-json\/wp\/v2\/types\/post"}],"author":[{"embeddable":true,"href":"https:\/\/agora.xtec.cat\/escolabacdecerdanya\/wp-json\/wp\/v2\/users\/6"}],"replies":[{"embeddable":true,"href":"https:\/\/agora.xtec.cat\/escolabacdecerdanya\/wp-json\/wp\/v2\/comments?post=6870"}],"version-history":[{"count":6,"href":"https:\/\/agora.xtec.cat\/escolabacdecerdanya\/wp-json\/wp\/v2\/posts\/6870\/revisions"}],"predecessor-version":[{"id":6902,"href":"https:\/\/agora.xtec.cat\/escolabacdecerdanya\/wp-json\/wp\/v2\/posts\/6870\/revisions\/6902"}],"wp:featuredmedia":[{"embeddable":true,"href":"https:\/\/agora.xtec.cat\/escolabacdecerdanya\/wp-json\/wp\/v2\/media\/6873"}],"wp:attachment":[{"href":"https:\/\/agora.xtec.cat\/escolabacdecerdanya\/wp-json\/wp\/v2\/media?parent=6870"}],"wp:term":[{"taxonomy":"category","embeddable":true,"href":"https:\/\/agora.xtec.cat\/escolabacdecerdanya\/wp-json\/wp\/v2\/categories?post=6870"},{"taxonomy":"post_tag","embeddable":true,"href":"https:\/\/agora.xtec.cat\/escolabacdecerdanya\/wp-json\/wp\/v2\/tags?post=6870"}],"curies":[{"name":"wp","href":"https:\/\/api.w.org\/{rel}","templated":true}]}}