{"id":6865,"date":"2024-06-17T14:09:50","date_gmt":"2024-06-17T12:09:50","guid":{"rendered":"https:\/\/agora.xtec.cat\/escolabacdecerdanya\/?p=6865"},"modified":"2024-06-17T14:10:31","modified_gmt":"2024-06-17T12:10:31","slug":"cronos-y-tempus-y-la-linia-del-tiempo-2ndo","status":"publish","type":"post","link":"https:\/\/agora.xtec.cat\/escolabacdecerdanya\/general\/cronos-y-tempus-y-la-linia-del-tiempo-2ndo\/","title":{"rendered":"CRONOS Y TEMPUS Y LA L\u00cdNIA DEL TIEMPO (2NDO)"},"content":{"rendered":"\n<p><img decoding=\"async\" style=\"width: 1px;\" src=\"https:\/\/lh7-us.googleusercontent.com\/docsz\/AD_4nXfKA0yT-hTACwTWJFiwPdT4_Ei30Mjs0kZ_HJKifoZWFs6od8GK-SyiBn_rW1oxKcxh0oA7TxGcETSRj5GBPOC5UYn4ricoO-3tXZg8lm5dMC12WNIH69CPogO7LdL2b4gzl6wUxW5909-nMGvv16GhqFp4?key=T1zz5nmBRWPkDs_VXvUTVA\"><\/p>\n\n\n\n<figure class=\"wp-block-image size-full is-resized\"><a href=\"https:\/\/agora.xtec.cat\/escolabacdecerdanya\/wp-content\/uploads\/usu1753\/2024\/06\/image.png\"><img loading=\"lazy\" decoding=\"async\" width=\"225\" height=\"225\" src=\"https:\/\/agora.xtec.cat\/escolabacdecerdanya\/wp-content\/uploads\/usu1753\/2024\/06\/image.png\" alt=\"\" class=\"wp-image-6867\" style=\"aspect-ratio:1;width:89px;height:auto\" srcset=\"https:\/\/agora.xtec.cat\/escolabacdecerdanya\/wp-content\/uploads\/usu1753\/2024\/06\/image.png 225w, https:\/\/agora.xtec.cat\/escolabacdecerdanya\/wp-content\/uploads\/usu1753\/2024\/06\/image-150x150.png 150w\" sizes=\"auto, (max-width: 225px) 100vw, 225px\" \/><\/a><\/figure>\n\n\n\n<p>Cronos y Tempus, dos personajes que representan el pasado y el futuro, se han perdido por el tiempo. Con la ayuda de los alumnos de segundo curso han podido ubicarse en cada \u00e9poca y han aprendido como se comunicaban de las personas en cada momento.<\/p>\n\n\n\n<p>Qu\u00e8 hemos aprendido:<\/p>\n\n\n\n<p>&#8220;En la Prehist\u00f3ria, las personas se comunicaban con gestos y pictogramas&#8221;<\/p>\n\n\n\n<p>&#8220;Durante la Edad Antigua, las personas se comunicaban con jerogl\u00edficos&#8221;<\/p>\n\n\n\n<p>&#8220;Johannes Gutenberg invent\u00f3 la imprenta, durante la Edad Antigua, para que todo el mundo pudiera leer&#8221;<\/p>\n\n\n\n<p>&#8220;En la Edad Media, se utilizaban papiros y se escrib\u00eda con plumas&#8221;<\/p>\n\n\n\n<p>&#8220;Nosotros vivimos en la \u00e9poca contempor\u00e1nea y nos comunicamos mediante m\u00f3viles, tel\u00e9fonos, correos electr\u00f3nicos, televisi\u00f3n&#8230;&#8221;<\/p>\n\n\n\n<p>&#8220;En el futuro, podemos imaginar-nos como nos comunicaremos, pero no lo sabemos&#8221;<\/p>\n\n\n\n<p>Gracias Cronos y Tempus, hemos aprendido mucho con vosotros.<\/p>\n\n\n\n<p><img loading=\"lazy\" decoding=\"async\" width=\"120\" height=\"130\" src=\"https:\/\/lh7-us.googleusercontent.com\/docsz\/AD_4nXdoZbETCuMN11T7M9xITKZBj-inqCqAw83wsGq8ddnxqELuMUyXWSHbWNbvIQvjpJOkcMR75z4Rq9dwZ2Zyhb4Kfxx8GjYt05aXfXjUXxvEIPWHcS44ykEa2mYEXNfdakm7i3Ftn5v4vI39aT4I_3M36RSt?key=T1zz5nmBRWPkDs_VXvUTVA\">         <img decoding=\"async\" width=\"165\" height=\"135.9090909090909\" src=\"https:\/\/lh7-us.googleusercontent.com\/docsz\/AD_4nXfKA0yT-hTACwTWJFiwPdT4_Ei30Mjs0kZ_HJKifoZWFs6od8GK-SyiBn_rW1oxKcxh0oA7TxGcETSRj5GBPOC5UYn4ricoO-3tXZg8lm5dMC12WNIH69CPogO7LdL2b4gzl6wUxW5909-nMGvv16GhqFp4?key=T1zz5nmBRWPkDs_VXvUTVA\"><\/p>\n\n\n\n<p>&#8220;<\/p>\n\n\n\n<p>&#8220;<\/p>\n","protected":false},"excerpt":{"rendered":"<p><a href=\"https:\/\/agora.xtec.cat\/escolabacdecerdanya\/wp-content\/uploads\/usu1753\/2024\/06\/image.png\"><\/a><\/p>\n<p>Cronos y Tempus, dos personajes que representan el pasado y el futuro, se han perdido por el tiempo. Con la ayuda de los alumnos de segundo curso han podido ubicarse en cada \u00e9poca y han aprendido como se comunicaban de las personas en cada&hellip;  <a href=\"https:\/\/agora.xtec.cat\/escolabacdecerdanya\/general\/cronos-y-tempus-y-la-linia-del-tiempo-2ndo\/\" title=\"Read CRONOS Y TEMPUS Y LA L\u00cdNIA DEL TIEMPO (2NDO)\">Llegeix m\u00e9s\u00bb<\/a><\/p>\n","protected":false},"author":6,"featured_media":6867,"comment_status":"open","ping_status":"open","sticky":false,"template":"","format":"standard","meta":{"_bbp_topic_count":0,"_bbp_reply_count":0,"_bbp_total_topic_count":0,"_bbp_total_reply_count":0,"_bbp_voice_count":0,"_bbp_anonymous_reply_count":0,"_bbp_topic_count_hidden":0,"_bbp_reply_count_hidden":0,"_bbp_forum_subforum_count":0,"footnotes":""},"categories":[11,104,243,1,61,4],"tags":[],"class_list":["post-6865","post","type-post","status-publish","format-standard","has-post-thumbnail","hentry","category-2n","category-inicial","category-ft-cicle-inicial","category-general","category-novetats","category-portada"],"post_mailing_queue_ids":[],"_links":{"self":[{"href":"https:\/\/agora.xtec.cat\/escolabacdecerdanya\/wp-json\/wp\/v2\/posts\/6865","targetHints":{"allow":["GET"]}}],"collection":[{"href":"https:\/\/agora.xtec.cat\/escolabacdecerdanya\/wp-json\/wp\/v2\/posts"}],"about":[{"href":"https:\/\/agora.xtec.cat\/escolabacdecerdanya\/wp-json\/wp\/v2\/types\/post"}],"author":[{"embeddable":true,"href":"https:\/\/agora.xtec.cat\/escolabacdecerdanya\/wp-json\/wp\/v2\/users\/6"}],"replies":[{"embeddable":true,"href":"https:\/\/agora.xtec.cat\/escolabacdecerdanya\/wp-json\/wp\/v2\/comments?post=6865"}],"version-history":[{"count":3,"href":"https:\/\/agora.xtec.cat\/escolabacdecerdanya\/wp-json\/wp\/v2\/posts\/6865\/revisions"}],"predecessor-version":[{"id":6869,"href":"https:\/\/agora.xtec.cat\/escolabacdecerdanya\/wp-json\/wp\/v2\/posts\/6865\/revisions\/6869"}],"wp:featuredmedia":[{"embeddable":true,"href":"https:\/\/agora.xtec.cat\/escolabacdecerdanya\/wp-json\/wp\/v2\/media\/6867"}],"wp:attachment":[{"href":"https:\/\/agora.xtec.cat\/escolabacdecerdanya\/wp-json\/wp\/v2\/media?parent=6865"}],"wp:term":[{"taxonomy":"category","embeddable":true,"href":"https:\/\/agora.xtec.cat\/escolabacdecerdanya\/wp-json\/wp\/v2\/categories?post=6865"},{"taxonomy":"post_tag","embeddable":true,"href":"https:\/\/agora.xtec.cat\/escolabacdecerdanya\/wp-json\/wp\/v2\/tags?post=6865"}],"curies":[{"name":"wp","href":"https:\/\/api.w.org\/{rel}","templated":true}]}}