{"id":6854,"date":"2024-06-13T14:12:12","date_gmt":"2024-06-13T12:12:12","guid":{"rendered":"https:\/\/agora.xtec.cat\/escolabacdecerdanya\/?p=6854"},"modified":"2024-06-13T14:13:59","modified_gmt":"2024-06-13T12:13:59","slug":"aprenem-a-nedar","status":"publish","type":"post","link":"https:\/\/agora.xtec.cat\/escolabacdecerdanya\/general\/aprenem-a-nedar\/","title":{"rendered":"Aprenem a Nedar!"},"content":{"rendered":"\n<p>Durant nou divendres, els infants d&#8217;educaci\u00f3 infantil i cicle inicial de l&#8217;escola hem anat a aprendre a nedar a la piscina de Puigcerd\u00e0.  Aquesta activitat ha estat en part subvencionada pel projecte Neda a l&#8217;Escola de la Diputaci\u00f3 de Girona.<\/p>\n\n\n\n<figure class=\"wp-block-image size-large is-resized\"><a href=\"https:\/\/agora.xtec.cat\/escolabacdecerdanya\/wp-content\/uploads\/usu1753\/2024\/06\/WhatsApp-Image-2024-04-25-at-20.44.30-6.jpeg\"><img loading=\"lazy\" decoding=\"async\" width=\"768\" height=\"1024\" src=\"https:\/\/agora.xtec.cat\/escolabacdecerdanya\/wp-content\/uploads\/usu1753\/2024\/06\/WhatsApp-Image-2024-04-25-at-20.44.30-6-768x1024.jpeg\" alt=\"\" class=\"wp-image-6858\" style=\"aspect-ratio:0.75;width:411px;height:auto\" srcset=\"https:\/\/agora.xtec.cat\/escolabacdecerdanya\/wp-content\/uploads\/usu1753\/2024\/06\/WhatsApp-Image-2024-04-25-at-20.44.30-6-768x1024.jpeg 768w, https:\/\/agora.xtec.cat\/escolabacdecerdanya\/wp-content\/uploads\/usu1753\/2024\/06\/WhatsApp-Image-2024-04-25-at-20.44.30-6-225x300.jpeg 225w, https:\/\/agora.xtec.cat\/escolabacdecerdanya\/wp-content\/uploads\/usu1753\/2024\/06\/WhatsApp-Image-2024-04-25-at-20.44.30-6-1152x1536.jpeg 1152w, https:\/\/agora.xtec.cat\/escolabacdecerdanya\/wp-content\/uploads\/usu1753\/2024\/06\/WhatsApp-Image-2024-04-25-at-20.44.30-6.jpeg 1200w\" sizes=\"auto, (max-width: 768px) 100vw, 768px\" \/><\/a><\/figure>\n\n\n\n<figure class=\"wp-block-image size-full is-resized\"><a href=\"https:\/\/agora.xtec.cat\/escolabacdecerdanya\/wp-content\/uploads\/usu1753\/2024\/06\/marca_diputacio_centrada-1024x640-1.jpg\"><img loading=\"lazy\" decoding=\"async\" width=\"1024\" height=\"640\" src=\"https:\/\/agora.xtec.cat\/escolabacdecerdanya\/wp-content\/uploads\/usu1753\/2024\/06\/marca_diputacio_centrada-1024x640-1.jpg\" alt=\"\" class=\"wp-image-6855\" style=\"aspect-ratio:1.6;width:188px;height:auto\" srcset=\"https:\/\/agora.xtec.cat\/escolabacdecerdanya\/wp-content\/uploads\/usu1753\/2024\/06\/marca_diputacio_centrada-1024x640-1.jpg 1024w, https:\/\/agora.xtec.cat\/escolabacdecerdanya\/wp-content\/uploads\/usu1753\/2024\/06\/marca_diputacio_centrada-1024x640-1-300x188.jpg 300w, https:\/\/agora.xtec.cat\/escolabacdecerdanya\/wp-content\/uploads\/usu1753\/2024\/06\/marca_diputacio_centrada-1024x640-1-768x480.jpg 768w\" sizes=\"auto, (max-width: 1024px) 100vw, 1024px\" \/><\/a><\/figure>\n","protected":false},"excerpt":{"rendered":"<p>Durant nou divendres, els infants d&#8217;educaci\u00f3 infantil i cicle inicial de l&#8217;escola hem anat a aprendre a nedar a la piscina de Puigcerd\u00e0.  Aquesta activitat ha estat en part subvencionada pel projecte Neda a l&#8217;Escola de la Diputaci\u00f3 de Girona.<\/p>\n<p><a href=\"https:\/\/agora.xtec.cat\/escolabacdecerdanya\/wp-content\/uploads\/usu1753\/2024\/06\/WhatsApp-Image-2024-04-25-at-20.44.30-6.jpeg\"><\/a><\/p>\n<p><a href=\"https:\/\/agora.xtec.cat\/escolabacdecerdanya\/wp-content\/uploads\/usu1753\/2024\/06\/marca_diputacio_centrada-1024x640-1.jpg\"><\/a><\/p>\n","protected":false},"author":1,"featured_media":6858,"comment_status":"open","ping_status":"open","sticky":false,"template":"","format":"standard","meta":{"_bbp_topic_count":0,"_bbp_reply_count":0,"_bbp_total_topic_count":0,"_bbp_total_reply_count":0,"_bbp_voice_count":0,"_bbp_anonymous_reply_count":0,"_bbp_topic_count_hidden":0,"_bbp_reply_count_hidden":0,"_bbp_forum_subforum_count":0,"footnotes":""},"categories":[104,240,103,243,1,61,4],"tags":[],"class_list":["post-6854","post","type-post","status-publish","format-standard","has-post-thumbnail","hentry","category-inicial","category-cicle-inicial","category-infantil-2","category-ft-cicle-inicial","category-general","category-novetats","category-portada"],"post_mailing_queue_ids":[],"_links":{"self":[{"href":"https:\/\/agora.xtec.cat\/escolabacdecerdanya\/wp-json\/wp\/v2\/posts\/6854","targetHints":{"allow":["GET"]}}],"collection":[{"href":"https:\/\/agora.xtec.cat\/escolabacdecerdanya\/wp-json\/wp\/v2\/posts"}],"about":[{"href":"https:\/\/agora.xtec.cat\/escolabacdecerdanya\/wp-json\/wp\/v2\/types\/post"}],"author":[{"embeddable":true,"href":"https:\/\/agora.xtec.cat\/escolabacdecerdanya\/wp-json\/wp\/v2\/users\/1"}],"replies":[{"embeddable":true,"href":"https:\/\/agora.xtec.cat\/escolabacdecerdanya\/wp-json\/wp\/v2\/comments?post=6854"}],"version-history":[{"count":2,"href":"https:\/\/agora.xtec.cat\/escolabacdecerdanya\/wp-json\/wp\/v2\/posts\/6854\/revisions"}],"predecessor-version":[{"id":6860,"href":"https:\/\/agora.xtec.cat\/escolabacdecerdanya\/wp-json\/wp\/v2\/posts\/6854\/revisions\/6860"}],"wp:featuredmedia":[{"embeddable":true,"href":"https:\/\/agora.xtec.cat\/escolabacdecerdanya\/wp-json\/wp\/v2\/media\/6858"}],"wp:attachment":[{"href":"https:\/\/agora.xtec.cat\/escolabacdecerdanya\/wp-json\/wp\/v2\/media?parent=6854"}],"wp:term":[{"taxonomy":"category","embeddable":true,"href":"https:\/\/agora.xtec.cat\/escolabacdecerdanya\/wp-json\/wp\/v2\/categories?post=6854"},{"taxonomy":"post_tag","embeddable":true,"href":"https:\/\/agora.xtec.cat\/escolabacdecerdanya\/wp-json\/wp\/v2\/tags?post=6854"}],"curies":[{"name":"wp","href":"https:\/\/api.w.org\/{rel}","templated":true}]}}