{"id":6847,"date":"2024-06-12T09:15:00","date_gmt":"2024-06-12T07:15:00","guid":{"rendered":"https:\/\/agora.xtec.cat\/escolabacdecerdanya\/?p=6847"},"modified":"2024-06-11T19:13:29","modified_gmt":"2024-06-11T17:13:29","slug":"dia-de-les-llengues-2","status":"publish","type":"post","link":"https:\/\/agora.xtec.cat\/escolabacdecerdanya\/general\/dia-de-les-llengues-2\/","title":{"rendered":"DIA DE LES LLENG\u00dcES"},"content":{"rendered":"\n<p><strong>DIA DE LES LLENG\u00dcES<\/strong><\/p>\n\n\n\n<p>\u201c El dia 6 de juny de 2024 els alumnes de 5\u00e9 i 6\u00e9 vam anar a <strong>Puigcerd\u00e0<\/strong> al <strong>dia de les lleng\u00fces<\/strong>. Vam anar en autob\u00fas de l\u2019escola al lloc on es celebraba aquest dia.&nbsp;<\/p>\n\n\n\n<p>Aquest dia tracta sobre unes <strong>activitats<\/strong>, que van preparar els i les mestres de les diferents escoles de la Cerdanya, <strong>en diferents idiomes <\/strong>(franc\u00e8s, castell\u00e0, catal\u00e0 i angl\u00e8s)\u2026<\/p>\n\n\n\n<p>A m\u00e9s a m\u00e9s, cada any hi ha una<strong> llengua convidada<\/strong>. Aquest any ha sigut el <strong>XIN\u00c8S. <\/strong>&nbsp;Un cop vam saber el grup que ens tocava, ens vam distribuir per taules. Les activitats consistien en posar les mans dins d\u2019una capsa i descriure en franc\u00e8s o angl\u00e8s qu\u00e8 era, donar indicacions als companys i companyes perqu\u00e8 es col\u00b7loquin segons la foto donada, guiar la nostra parella dins d\u2019un circuit, Karaoke,&#8230;&nbsp;<\/p>\n\n\n\n<p>Ens vam trobar amb alumnes de l\u2019Alfons I, del vedruna, la ZER Cerdanya,\u2026<\/p>\n\n\n\n<p>Vam anar perqu\u00e8 aix\u00ed ens podiem <strong>relacionar <\/strong>i con\u00e8ixer m\u00e9s nens i nenes de les altres escoles de la comarca i per <strong>aprendre idiomes<\/strong>.&nbsp;&nbsp;<\/p>\n\n\n\n<p>Finalment, vam omplir una graella amb gomets verds o vermells per indicar si ens havia agradat el taller o no.<\/p>\n\n\n\n<p><strong>VA SER UN DIA MOLT DIVERTIT I ENTRETINGUT.\u201d<\/strong><\/p>\n\n\n\n<p><strong>ALUMNES DE CICLE SUPERIOR<\/strong><\/p>\n\n\n\n<figure class=\"wp-block-gallery has-nested-images columns-default is-cropped wp-block-gallery-1 is-layout-flex wp-block-gallery-is-layout-flex\">\n<figure class=\"wp-block-image size-large\"><a href=\"https:\/\/drive.google.com\/drive\/folders\/1PeNOdTKhtbjEIqi0T55LRULTYmP0BiYK?usp=drive_link\"><img loading=\"lazy\" decoding=\"async\" width=\"1024\" height=\"576\" data-id=\"6848\" src=\"https:\/\/agora.xtec.cat\/escolabacdecerdanya\/wp-content\/uploads\/usu1753\/2024\/06\/20240606_093851-1-1024x576.jpg\" alt=\"\" class=\"wp-image-6848\" srcset=\"https:\/\/agora.xtec.cat\/escolabacdecerdanya\/wp-content\/uploads\/usu1753\/2024\/06\/20240606_093851-1-1024x576.jpg 1024w, https:\/\/agora.xtec.cat\/escolabacdecerdanya\/wp-content\/uploads\/usu1753\/2024\/06\/20240606_093851-1-300x169.jpg 300w, https:\/\/agora.xtec.cat\/escolabacdecerdanya\/wp-content\/uploads\/usu1753\/2024\/06\/20240606_093851-1-768x432.jpg 768w, https:\/\/agora.xtec.cat\/escolabacdecerdanya\/wp-content\/uploads\/usu1753\/2024\/06\/20240606_093851-1-1536x864.jpg 1536w, https:\/\/agora.xtec.cat\/escolabacdecerdanya\/wp-content\/uploads\/usu1753\/2024\/06\/20240606_093851-1-2048x1152.jpg 2048w\" sizes=\"auto, (max-width: 1024px) 100vw, 1024px\" \/><\/a><figcaption class=\"wp-element-caption\">DIA DE LES LLENG\u00dcES<\/figcaption><\/figure>\n<\/figure>\n\n\n\n<p><\/p>\n","protected":false},"excerpt":{"rendered":"<p>DIA DE LES LLENG\u00dcES<\/p>\n<p>\u201c El dia 6 de juny de 2024 els alumnes de 5\u00e9 i 6\u00e9 vam anar a Puigcerd\u00e0 al dia de les lleng\u00fces. Vam anar en autob\u00fas de l\u2019escola al lloc on es celebraba aquest dia.&nbsp;<\/p>\n<p>Aquest dia tracta sobre unes activitats, que&hellip;  <a href=\"https:\/\/agora.xtec.cat\/escolabacdecerdanya\/general\/dia-de-les-llengues-2\/\" title=\"Read DIA DE LES LLENG\u00dcES\">Llegeix m\u00e9s\u00bb<\/a><\/p>\n","protected":false},"author":6,"featured_media":6848,"comment_status":"open","ping_status":"open","sticky":false,"template":"","format":"standard","meta":{"_bbp_topic_count":0,"_bbp_reply_count":0,"_bbp_total_topic_count":0,"_bbp_total_reply_count":0,"_bbp_voice_count":0,"_bbp_anonymous_reply_count":0,"_bbp_topic_count_hidden":0,"_bbp_reply_count_hidden":0,"_bbp_forum_subforum_count":0,"footnotes":""},"categories":[14,15,76,145,150,156,241,1,162,61,4],"tags":[],"class_list":["post-6847","post","type-post","status-publish","format-standard","has-post-thumbnail","hentry","category-5e","category-6e","category-cicle-superior","category-dia-de-les-llengues","category-english","category-francais","category-ft-cicle-superior","category-general","category-llengues-estrangeres","category-novetats","category-portada"],"post_mailing_queue_ids":[],"_links":{"self":[{"href":"https:\/\/agora.xtec.cat\/escolabacdecerdanya\/wp-json\/wp\/v2\/posts\/6847","targetHints":{"allow":["GET"]}}],"collection":[{"href":"https:\/\/agora.xtec.cat\/escolabacdecerdanya\/wp-json\/wp\/v2\/posts"}],"about":[{"href":"https:\/\/agora.xtec.cat\/escolabacdecerdanya\/wp-json\/wp\/v2\/types\/post"}],"author":[{"embeddable":true,"href":"https:\/\/agora.xtec.cat\/escolabacdecerdanya\/wp-json\/wp\/v2\/users\/6"}],"replies":[{"embeddable":true,"href":"https:\/\/agora.xtec.cat\/escolabacdecerdanya\/wp-json\/wp\/v2\/comments?post=6847"}],"version-history":[{"count":2,"href":"https:\/\/agora.xtec.cat\/escolabacdecerdanya\/wp-json\/wp\/v2\/posts\/6847\/revisions"}],"predecessor-version":[{"id":6851,"href":"https:\/\/agora.xtec.cat\/escolabacdecerdanya\/wp-json\/wp\/v2\/posts\/6847\/revisions\/6851"}],"wp:featuredmedia":[{"embeddable":true,"href":"https:\/\/agora.xtec.cat\/escolabacdecerdanya\/wp-json\/wp\/v2\/media\/6848"}],"wp:attachment":[{"href":"https:\/\/agora.xtec.cat\/escolabacdecerdanya\/wp-json\/wp\/v2\/media?parent=6847"}],"wp:term":[{"taxonomy":"category","embeddable":true,"href":"https:\/\/agora.xtec.cat\/escolabacdecerdanya\/wp-json\/wp\/v2\/categories?post=6847"},{"taxonomy":"post_tag","embeddable":true,"href":"https:\/\/agora.xtec.cat\/escolabacdecerdanya\/wp-json\/wp\/v2\/tags?post=6847"}],"curies":[{"name":"wp","href":"https:\/\/api.w.org\/{rel}","templated":true}]}}