{"id":6840,"date":"2024-06-11T18:17:14","date_gmt":"2024-06-11T16:17:14","guid":{"rendered":"https:\/\/agora.xtec.cat\/escolabacdecerdanya\/?p=6840"},"modified":"2024-06-11T19:13:10","modified_gmt":"2024-06-11T17:13:10","slug":"manifest-dels-drets-digitals-de-la-infancia","status":"publish","type":"post","link":"https:\/\/agora.xtec.cat\/escolabacdecerdanya\/general\/manifest-dels-drets-digitals-de-la-infancia\/","title":{"rendered":"MANIFEST DELS DRETS DIGITALS DE LA INF\u00c0NCIA"},"content":{"rendered":"\n<p>&#8221;&nbsp;La Secretaria de Pol\u00edtiques Digitals, a trav\u00e9s de la Direcci\u00f3 General de Societat Digital i&nbsp;en col\u00b7laboraci\u00f3 amb la Fundaci\u00f3 Ferrer i Gu\u00e0rdia, presenta el&nbsp;<em>Manifest dels Drets Digitals de la Inf\u00e0ncia i Adolesc\u00e8ncia<\/em> de Catalunya.<\/p>\n\n\n\n<p>El manifest presentat \u00e9s fruit d\u2019un proc\u00e9s participatiu d&#8217;un total de 854 infants i adolescents d&#8217;arreu de Catalunya que han pogut expressar lliurement actituds, valors i percepcions en relaci\u00f3 a les seves experi\u00e8ncies digitals.<br><br>Una comunicaci\u00f3 m\u00e9s entenedora, clara i accessible; alternatives constructives en lloc de prohibicions, i la implementaci\u00f3 de mesures de seguretat a les xarxes socials s\u00f3n algunes de les principals demandes.<\/p>\n\n\n\n<p>Aquells organismes, entitats i persones que estiguin d\u2019acord i vulguin donar suport al que es recull en el document podran fer-ho adherint-se al manifest.&#8221;<\/p>\n\n\n\n<p>Podeu saber-ne m\u00e9s clicant&nbsp;<a href=\"https:\/\/politiquesdigitals.gencat.cat\/ca\/ciutadania\/drets-responsabilitats\/ManifestDretsDigitalsInfanciaAdolescencia\/index.html\" target=\"_blank\" rel=\"noreferrer noopener\">aqu\u00ed<\/a><\/p>\n\n\n\n<figure class=\"wp-block-image size-large is-resized\"><a href=\"https:\/\/agora.xtec.cat\/escolabacdecerdanya\/wp-content\/uploads\/usu1753\/2024\/06\/Manifest-VISUALTHINKING-color-scaled.jpg\"><img loading=\"lazy\" decoding=\"async\" width=\"1024\" height=\"856\" src=\"https:\/\/agora.xtec.cat\/escolabacdecerdanya\/wp-content\/uploads\/usu1753\/2024\/06\/Manifest-VISUALTHINKING-color-1024x856.jpg\" alt=\"\" class=\"wp-image-6841\" style=\"aspect-ratio:1.1962616822429906;width:588px;height:auto\" srcset=\"https:\/\/agora.xtec.cat\/escolabacdecerdanya\/wp-content\/uploads\/usu1753\/2024\/06\/Manifest-VISUALTHINKING-color-1024x856.jpg 1024w, https:\/\/agora.xtec.cat\/escolabacdecerdanya\/wp-content\/uploads\/usu1753\/2024\/06\/Manifest-VISUALTHINKING-color-300x250.jpg 300w, https:\/\/agora.xtec.cat\/escolabacdecerdanya\/wp-content\/uploads\/usu1753\/2024\/06\/Manifest-VISUALTHINKING-color-768x642.jpg 768w, https:\/\/agora.xtec.cat\/escolabacdecerdanya\/wp-content\/uploads\/usu1753\/2024\/06\/Manifest-VISUALTHINKING-color-1536x1284.jpg 1536w, https:\/\/agora.xtec.cat\/escolabacdecerdanya\/wp-content\/uploads\/usu1753\/2024\/06\/Manifest-VISUALTHINKING-color-2048x1712.jpg 2048w\" sizes=\"auto, (max-width: 1024px) 100vw, 1024px\" \/><\/a><\/figure>\n\n\n<div class=\"wp-block-categories-dropdown wp-block-categories\"><label class=\"wp-block-categories__label\" for=\"wp-block-categories-1\">Categories<\/label><select  name='category_name' id='wp-block-categories-1' class='postform'>\n\t<option value='-1'>Selecciona Categoria<\/option>\n\t<option class=\"level-0\" value=\"1r\">1r&nbsp;&nbsp;(122)<\/option>\n\t<option class=\"level-0\" value=\"2n\">2n&nbsp;&nbsp;(131)<\/option>\n\t<option class=\"level-0\" value=\"3r\">3r&nbsp;&nbsp;(174)<\/option>\n\t<option class=\"level-0\" value=\"4t\">4t&nbsp;&nbsp;(122)<\/option>\n\t<option class=\"level-0\" value=\"50-anys-escola\">50 anys Escola&nbsp;&nbsp;(4)<\/option>\n\t<option class=\"level-0\" value=\"5e\">5\u00e8&nbsp;&nbsp;(141)<\/option>\n\t<option class=\"level-0\" value=\"6e\">6\u00e8&nbsp;&nbsp;(176)<\/option>\n\t<option class=\"level-0\" value=\"album-de-fotos\">Album de fotos&nbsp;&nbsp;(116)<\/option>\n\t<option class=\"level-0\" value=\"ampa\">AMPA&nbsp;&nbsp;(14)<\/option>\n\t<option class=\"level-0\" value=\"carnestoltes\">Carnestoltes&nbsp;&nbsp;(29)<\/option>\n\t<option class=\"level-0\" value=\"castanyada\">Castanyada&nbsp;&nbsp;(14)<\/option>\n\t<option class=\"level-0\" value=\"inicial\">Cicle Inicial&nbsp;&nbsp;(287)<\/option>\n\t<option class=\"level-0\" value=\"cicle-inicial\">Cicle Inicial&nbsp;&nbsp;(46)<\/option>\n\t<option class=\"level-0\" value=\"mitja\">Cicle Mitj\u00e0&nbsp;&nbsp;(286)<\/option>\n\t<option class=\"level-0\" value=\"cicle-superior\">Cicle superior&nbsp;&nbsp;(308)<\/option>\n\t<option class=\"level-0\" value=\"colonies\">Col\u00f2nies&nbsp;&nbsp;(22)<\/option>\n\t<option class=\"level-0\" value=\"concurs\">Concurs&nbsp;&nbsp;(17)<\/option>\n\t<option class=\"level-0\" value=\"dia-de-les-llengues\">Dia de les lleng\u00fces&nbsp;&nbsp;(4)<\/option>\n\t<option class=\"level-0\" value=\"educacio-especial\">Educaci\u00f3 Especial&nbsp;&nbsp;(11)<\/option>\n\t<option class=\"level-0\" value=\"educacio-fisica\">Educaci\u00f3 F\u00edsica&nbsp;&nbsp;(35)<\/option>\n\t<option class=\"level-0\" value=\"infantil-2\">Educaci\u00f3 Infantil&nbsp;&nbsp;(262)<\/option>\n\t<option class=\"level-0\" value=\"english\">English&nbsp;&nbsp;(21)<\/option>\n\t<option class=\"level-0\" value=\"esqui\">Esqui&nbsp;&nbsp;(20)<\/option>\n\t<option class=\"level-0\" value=\"families\">Fam\u00edlies&nbsp;&nbsp;(87)<\/option>\n\t<option class=\"level-0\" value=\"festa-del-pati\">Festa del pati&nbsp;&nbsp;(6)<\/option>\n\t<option class=\"level-0\" value=\"festes\">Festes&nbsp;&nbsp;(75)<\/option>\n\t<option class=\"level-0\" value=\"final-de-curs\">Final de curs&nbsp;&nbsp;(12)<\/option>\n\t<option class=\"level-0\" value=\"francais\">Fran\u00e7ais&nbsp;&nbsp;(49)<\/option>\n\t<option class=\"level-0\" value=\"ft-cicle-inicial\">FT Cicle Inicial&nbsp;&nbsp;(29)<\/option>\n\t<option class=\"level-0\" value=\"ft-cicle-mitja\">FT Cicle Mitj\u00e0&nbsp;&nbsp;(47)<\/option>\n\t<option class=\"level-0\" value=\"ft-cicle-superior\">FT Cicle Superior&nbsp;&nbsp;(63)<\/option>\n\t<option class=\"level-0\" value=\"general\">General&nbsp;&nbsp;(1.171)<\/option>\n\t<option class=\"level-0\" value=\"himne\">himne&nbsp;&nbsp;(2)<\/option>\n\t<option class=\"level-0\" value=\"informatica\">INFORMATICA&nbsp;&nbsp;(28)<\/option>\n\t<option class=\"level-0\" value=\"jocs-florals\">Jocs Florals&nbsp;&nbsp;(8)<\/option>\n\t<option class=\"level-0\" value=\"llengues-estrangeres\">Lleng\u00fces Estrangeres&nbsp;&nbsp;(52)<\/option>\n\t<option class=\"level-0\" value=\"mones-de-pasqua\">Mones de Pasqua&nbsp;&nbsp;(9)<\/option>\n\t<option class=\"level-0\" value=\"musica\">M\u00fasica&nbsp;&nbsp;(28)<\/option>\n\t<option class=\"level-0\" value=\"nadal\">Nadal&nbsp;&nbsp;(49)<\/option>\n\t<option class=\"level-0\" value=\"novetats\">Novetats&nbsp;&nbsp;(397)<\/option>\n\t<option class=\"level-0\" value=\"p3\">P3&nbsp;&nbsp;(114)<\/option>\n\t<option class=\"level-0\" value=\"p4\">P4&nbsp;&nbsp;(108)<\/option>\n\t<option class=\"level-0\" value=\"p5\">P5&nbsp;&nbsp;(105)<\/option>\n\t<option class=\"level-0\" value=\"pati\">Pati&nbsp;&nbsp;(24)<\/option>\n\t<option class=\"level-0\" value=\"plastica\">PL\u00c0STICA&nbsp;&nbsp;(3)<\/option>\n\t<option class=\"level-0\" value=\"portada\">Portada&nbsp;&nbsp;(885)<\/option>\n\t<option class=\"level-0\" value=\"quina\">Quina&nbsp;&nbsp;(8)<\/option>\n\t<option class=\"level-0\" value=\"revista-isard\">Revista Isard&nbsp;&nbsp;(7)<\/option>\n\t<option class=\"level-0\" value=\"robotica\">rob\u00f2tica&nbsp;&nbsp;(54)<\/option>\n\t<option class=\"level-0\" value=\"sant-jordi\">Sant Jordi&nbsp;&nbsp;(24)<\/option>\n\t<option class=\"level-0\" value=\"setman-cultural\">Setmana Cultural&nbsp;&nbsp;(18)<\/option>\n\t<option class=\"level-0\" value=\"simulacre\">Simulacre&nbsp;&nbsp;(8)<\/option>\n\t<option class=\"level-0\" value=\"situacions-daprenentatge\">Situacions d&#8217;aprenentatge&nbsp;&nbsp;(3)<\/option>\n\t<option class=\"level-0\" value=\"sortida\">Sortida&nbsp;&nbsp;(65)<\/option>\n\t<option class=\"level-0\" value=\"tac\">TAC&nbsp;&nbsp;(96)<\/option>\n<\/select><script type=\"text\/javascript\">\n\/* <![CDATA[ *\/\n\t\n\t( function() {\n\t\tvar dropdown = document.getElementById( 'wp-block-categories-1' );\n\t\tfunction onCatChange() {\n\t\t\tif ( dropdown.options[ dropdown.selectedIndex ].value !== -1 ) {\n\t\t\t\tlocation.href = \"https:\/\/agora.xtec.cat\/escolabacdecerdanya\/?\" + dropdown.name + '=' + dropdown.options[ dropdown.selectedIndex ].value;\n\t\t\t}\n\t\t}\n\t\tdropdown.onchange = onCatChange;\n\t})();\n\t\n\t\n\/* ]]> *\/\n<\/script>\n\n<\/div>","protected":false},"excerpt":{"rendered":"<p>&#8221;&nbsp;La Secretaria de Pol\u00edtiques Digitals, a trav\u00e9s de la Direcci\u00f3 General de Societat Digital i&nbsp;en col\u00b7laboraci\u00f3 amb la Fundaci\u00f3 Ferrer i Gu\u00e0rdia, presenta el&nbsp;Manifest dels Drets Digitals de la Inf\u00e0ncia i Adolesc\u00e8ncia de Catalunya.<\/p>\n<p>El manifest presentat \u00e9s fruit d\u2019un proc\u00e9s participatiu d&#8217;un total de 854&hellip;  <a href=\"https:\/\/agora.xtec.cat\/escolabacdecerdanya\/general\/manifest-dels-drets-digitals-de-la-infancia\/\" title=\"Read MANIFEST DELS DRETS DIGITALS DE LA INF\u00c0NCIA\">Llegeix m\u00e9s\u00bb<\/a><\/p>\n","protected":false},"author":6,"featured_media":6841,"comment_status":"open","ping_status":"open","sticky":false,"template":"","format":"standard","meta":{"_bbp_topic_count":0,"_bbp_reply_count":0,"_bbp_total_topic_count":0,"_bbp_total_reply_count":0,"_bbp_voice_count":0,"_bbp_anonymous_reply_count":0,"_bbp_topic_count_hidden":0,"_bbp_reply_count_hidden":0,"_bbp_forum_subforum_count":0,"footnotes":""},"categories":[10,11,12,13,14,15,239,104,105,76,60,243,242,241,1,141,61,4,116],"tags":[],"class_list":["post-6840","post","type-post","status-publish","format-standard","has-post-thumbnail","hentry","category-1r","category-2n","category-3r","category-4t","category-5e","category-6e","category-album-de-fotos","category-inicial","category-mitja","category-cicle-superior","category-families","category-ft-cicle-inicial","category-ft-cicle-mitja","category-ft-cicle-superior","category-general","category-informatica","category-novetats","category-portada","category-tac"],"post_mailing_queue_ids":[],"_links":{"self":[{"href":"https:\/\/agora.xtec.cat\/escolabacdecerdanya\/wp-json\/wp\/v2\/posts\/6840","targetHints":{"allow":["GET"]}}],"collection":[{"href":"https:\/\/agora.xtec.cat\/escolabacdecerdanya\/wp-json\/wp\/v2\/posts"}],"about":[{"href":"https:\/\/agora.xtec.cat\/escolabacdecerdanya\/wp-json\/wp\/v2\/types\/post"}],"author":[{"embeddable":true,"href":"https:\/\/agora.xtec.cat\/escolabacdecerdanya\/wp-json\/wp\/v2\/users\/6"}],"replies":[{"embeddable":true,"href":"https:\/\/agora.xtec.cat\/escolabacdecerdanya\/wp-json\/wp\/v2\/comments?post=6840"}],"version-history":[{"count":4,"href":"https:\/\/agora.xtec.cat\/escolabacdecerdanya\/wp-json\/wp\/v2\/posts\/6840\/revisions"}],"predecessor-version":[{"id":6846,"href":"https:\/\/agora.xtec.cat\/escolabacdecerdanya\/wp-json\/wp\/v2\/posts\/6840\/revisions\/6846"}],"wp:featuredmedia":[{"embeddable":true,"href":"https:\/\/agora.xtec.cat\/escolabacdecerdanya\/wp-json\/wp\/v2\/media\/6841"}],"wp:attachment":[{"href":"https:\/\/agora.xtec.cat\/escolabacdecerdanya\/wp-json\/wp\/v2\/media?parent=6840"}],"wp:term":[{"taxonomy":"category","embeddable":true,"href":"https:\/\/agora.xtec.cat\/escolabacdecerdanya\/wp-json\/wp\/v2\/categories?post=6840"},{"taxonomy":"post_tag","embeddable":true,"href":"https:\/\/agora.xtec.cat\/escolabacdecerdanya\/wp-json\/wp\/v2\/tags?post=6840"}],"curies":[{"name":"wp","href":"https:\/\/api.w.org\/{rel}","templated":true}]}}