{"id":6831,"date":"2024-06-10T08:34:06","date_gmt":"2024-06-10T06:34:06","guid":{"rendered":"https:\/\/agora.xtec.cat\/escolabacdecerdanya\/?p=6831"},"modified":"2024-06-09T21:35:06","modified_gmt":"2024-06-09T19:35:06","slug":"dissenyem-un-circuit-de-psicomotricitat","status":"publish","type":"post","link":"https:\/\/agora.xtec.cat\/escolabacdecerdanya\/general\/dissenyem-un-circuit-de-psicomotricitat\/","title":{"rendered":"Dissenyem un circuit de psicomotricitat"},"content":{"rendered":"<p><span style=\"font-weight: 400;\"><a href=\"https:\/\/agora.xtec.cat\/escolabacdecerdanya\/wp-content\/uploads\/usu1753\/2024\/06\/Circuit-psicomotricitat.jpg\"><img loading=\"lazy\" decoding=\"async\" class=\"size-medium wp-image-6832 alignnone\" src=\"https:\/\/agora.xtec.cat\/escolabacdecerdanya\/wp-content\/uploads\/usu1753\/2024\/06\/Circuit-psicomotricitat-300x225.jpg\" alt=\"\" width=\"300\" height=\"225\" srcset=\"https:\/\/agora.xtec.cat\/escolabacdecerdanya\/wp-content\/uploads\/usu1753\/2024\/06\/Circuit-psicomotricitat-300x225.jpg 300w, https:\/\/agora.xtec.cat\/escolabacdecerdanya\/wp-content\/uploads\/usu1753\/2024\/06\/Circuit-psicomotricitat-768x576.jpg 768w, https:\/\/agora.xtec.cat\/escolabacdecerdanya\/wp-content\/uploads\/usu1753\/2024\/06\/Circuit-psicomotricitat-200x150.jpg 200w, https:\/\/agora.xtec.cat\/escolabacdecerdanya\/wp-content\/uploads\/usu1753\/2024\/06\/Circuit-psicomotricitat.jpg 1024w\" sizes=\"auto, (max-width: 300px) 100vw, 300px\" \/>\u00e7<\/a><\/span><\/p>\n<p><span style=\"font-weight: 400;\">Aprofitant el projecte que hem estat treballant sobre els h\u00e0bits saludables, la import\u00e0ncia de l\u2019exercici f\u00edsic i els beneficis per la salut, els nens i nenes de 4t hem preparat un circuit de psicomotricitat pels alumnes d\u2019infantil, primer i segon.\u00a0<\/span><\/p>\n<p><span style=\"font-weight: 400;\">Per fer-ho, vam planificar el circuit amb l\u2019ajuda de la mestra d\u2019educaci\u00f3 f\u00edsica, la Zaida, tenint en compte l\u2019objectiu motriu que vol\u00edem treballar, el procediment i el material que caldria. Tot seguit el vam provar i vam fer algunes modificacions perqu\u00e8&#8230; No tot surt a la primera!<\/span><\/p>\n<p><span style=\"font-weight: 400;\">Per \u00faltim, el vam proposar als nens i nenes d\u2019infantil, primer i segon. Cadasc\u00fa al va fer al seu nivell i va ser tot un \u00e8xit! Els hi va encantar i a nosaltres tamb\u00e9!\u00a0<\/span><\/p>\n<p><a href=\"https:\/\/drive.google.com\/drive\/folders\/1Qf4FSj1IlLwIUdiI57eIKExJhGwYrGeg?usp=drive_link\"><span style=\"font-weight: 400;\">Si feu clic a aquest enlla\u00e7, podreu veure\u2019n un recull amb les imatges<\/span><\/a><span style=\"font-weight: 400;\">.<\/span><\/p>\n<p><span style=\"font-weight: 400;\">Seguim, que el curs ja s\u2019acaba! <\/span><\/p>\n","protected":false},"excerpt":{"rendered":"<p><a href=\"https:\/\/agora.xtec.cat\/escolabacdecerdanya\/wp-content\/uploads\/usu1753\/2024\/06\/Circuit-psicomotricitat.jpg\">\u00e7<\/a><br \/>\nAprofitant el projecte que hem estat treballant sobre els h\u00e0bits saludables, la import\u00e0ncia de l\u2019exercici f\u00edsic i els beneficis per la salut, els nens i nenes de 4t hem preparat un circuit de psicomotricitat pels alumnes d\u2019infantil, primer i segon.\u00a0<br \/>\nPer fer-ho, vam planificar el&hellip;  <a href=\"https:\/\/agora.xtec.cat\/escolabacdecerdanya\/general\/dissenyem-un-circuit-de-psicomotricitat\/\" title=\"Read Dissenyem un circuit de psicomotricitat\">Llegeix m\u00e9s\u00bb<\/a><\/p>\n","protected":false},"author":59,"featured_media":6832,"comment_status":"open","ping_status":"closed","sticky":false,"template":"","format":"standard","meta":{"_bbp_topic_count":0,"_bbp_reply_count":0,"_bbp_total_topic_count":0,"_bbp_total_reply_count":0,"_bbp_voice_count":0,"_bbp_anonymous_reply_count":0,"_bbp_topic_count_hidden":0,"_bbp_reply_count_hidden":0,"_bbp_forum_subforum_count":0,"footnotes":""},"categories":[13,105,60,242,1,61,4],"tags":[],"class_list":["post-6831","post","type-post","status-publish","format-standard","has-post-thumbnail","hentry","category-4t","category-mitja","category-families","category-ft-cicle-mitja","category-general","category-novetats","category-portada"],"post_mailing_queue_ids":[],"_links":{"self":[{"href":"https:\/\/agora.xtec.cat\/escolabacdecerdanya\/wp-json\/wp\/v2\/posts\/6831","targetHints":{"allow":["GET"]}}],"collection":[{"href":"https:\/\/agora.xtec.cat\/escolabacdecerdanya\/wp-json\/wp\/v2\/posts"}],"about":[{"href":"https:\/\/agora.xtec.cat\/escolabacdecerdanya\/wp-json\/wp\/v2\/types\/post"}],"author":[{"embeddable":true,"href":"https:\/\/agora.xtec.cat\/escolabacdecerdanya\/wp-json\/wp\/v2\/users\/59"}],"replies":[{"embeddable":true,"href":"https:\/\/agora.xtec.cat\/escolabacdecerdanya\/wp-json\/wp\/v2\/comments?post=6831"}],"version-history":[{"count":2,"href":"https:\/\/agora.xtec.cat\/escolabacdecerdanya\/wp-json\/wp\/v2\/posts\/6831\/revisions"}],"predecessor-version":[{"id":6834,"href":"https:\/\/agora.xtec.cat\/escolabacdecerdanya\/wp-json\/wp\/v2\/posts\/6831\/revisions\/6834"}],"wp:featuredmedia":[{"embeddable":true,"href":"https:\/\/agora.xtec.cat\/escolabacdecerdanya\/wp-json\/wp\/v2\/media\/6832"}],"wp:attachment":[{"href":"https:\/\/agora.xtec.cat\/escolabacdecerdanya\/wp-json\/wp\/v2\/media?parent=6831"}],"wp:term":[{"taxonomy":"category","embeddable":true,"href":"https:\/\/agora.xtec.cat\/escolabacdecerdanya\/wp-json\/wp\/v2\/categories?post=6831"},{"taxonomy":"post_tag","embeddable":true,"href":"https:\/\/agora.xtec.cat\/escolabacdecerdanya\/wp-json\/wp\/v2\/tags?post=6831"}],"curies":[{"name":"wp","href":"https:\/\/api.w.org\/{rel}","templated":true}]}}