{"id":6821,"date":"2024-05-28T11:44:46","date_gmt":"2024-05-28T09:44:46","guid":{"rendered":"https:\/\/agora.xtec.cat\/escolabacdecerdanya\/?p=6821"},"modified":"2024-05-28T11:44:46","modified_gmt":"2024-05-28T09:44:46","slug":"exposicio-dinstruments-musicals","status":"publish","type":"post","link":"https:\/\/agora.xtec.cat\/escolabacdecerdanya\/general\/exposicio-dinstruments-musicals\/","title":{"rendered":"EXPOSICI\u00d3 D&#8217;INSTRUMENTS MUSICALS"},"content":{"rendered":"<p>Els i les alumnes de cicle mitj\u00e0 (3r i 4t) us convidem a visitar l&#8217;<em><strong>E<\/strong><strong>xposici\u00f3 d&#8217;instruments musicals<\/strong><\/em> que hem posat a l&#8217;entrada de l&#8217;escola. Hi ser\u00e0 durant dues setmanes.<\/p>\n<p>No \u00e9s una exposici\u00f3 qualsevol! es tracta d&#8217;<strong>instruments de vent, corda i percussi\u00f3<\/strong> que hem fabricat nosaltres mateixos amb material reciclat! Hem treballat com aut\u00e8ntics lutiers. Aquesta exposici\u00f3 \u00e9s el fruit d&#8217;un treball sobre les fam\u00edlies d&#8217;instruments musicals.<\/p>\n<p>Esperem que us agradi !<\/p>\n<p><a href=\"https:\/\/agora.xtec.cat\/escolabacdecerdanya\/wp-content\/uploads\/usu1753\/2024\/05\/IMG-20240528-WA0002.jpg\"><img loading=\"lazy\" decoding=\"async\" class=\"alignnone  wp-image-6824\" src=\"https:\/\/agora.xtec.cat\/escolabacdecerdanya\/wp-content\/uploads\/usu1753\/2024\/05\/IMG-20240528-WA0002-1024x768.jpg\" alt=\"\" width=\"321\" height=\"241\" srcset=\"https:\/\/agora.xtec.cat\/escolabacdecerdanya\/wp-content\/uploads\/usu1753\/2024\/05\/IMG-20240528-WA0002-1024x768.jpg 1024w, https:\/\/agora.xtec.cat\/escolabacdecerdanya\/wp-content\/uploads\/usu1753\/2024\/05\/IMG-20240528-WA0002-300x225.jpg 300w, https:\/\/agora.xtec.cat\/escolabacdecerdanya\/wp-content\/uploads\/usu1753\/2024\/05\/IMG-20240528-WA0002-768x576.jpg 768w, https:\/\/agora.xtec.cat\/escolabacdecerdanya\/wp-content\/uploads\/usu1753\/2024\/05\/IMG-20240528-WA0002-1536x1152.jpg 1536w, https:\/\/agora.xtec.cat\/escolabacdecerdanya\/wp-content\/uploads\/usu1753\/2024\/05\/IMG-20240528-WA0002-200x150.jpg 200w, https:\/\/agora.xtec.cat\/escolabacdecerdanya\/wp-content\/uploads\/usu1753\/2024\/05\/IMG-20240528-WA0002.jpg 2048w\" sizes=\"auto, (max-width: 321px) 100vw, 321px\" \/><\/a><a href=\"https:\/\/agora.xtec.cat\/escolabacdecerdanya\/wp-content\/uploads\/usu1753\/2024\/05\/IMG-20240528-WA0000.jpg\">\u00a0 \u00a0 <img loading=\"lazy\" decoding=\"async\" class=\"alignnone  wp-image-6822\" src=\"https:\/\/agora.xtec.cat\/escolabacdecerdanya\/wp-content\/uploads\/usu1753\/2024\/05\/IMG-20240528-WA0000-1024x768.jpg\" alt=\"\" width=\"322\" height=\"242\" srcset=\"https:\/\/agora.xtec.cat\/escolabacdecerdanya\/wp-content\/uploads\/usu1753\/2024\/05\/IMG-20240528-WA0000-1024x768.jpg 1024w, https:\/\/agora.xtec.cat\/escolabacdecerdanya\/wp-content\/uploads\/usu1753\/2024\/05\/IMG-20240528-WA0000-300x225.jpg 300w, https:\/\/agora.xtec.cat\/escolabacdecerdanya\/wp-content\/uploads\/usu1753\/2024\/05\/IMG-20240528-WA0000-768x576.jpg 768w, https:\/\/agora.xtec.cat\/escolabacdecerdanya\/wp-content\/uploads\/usu1753\/2024\/05\/IMG-20240528-WA0000-1536x1152.jpg 1536w, https:\/\/agora.xtec.cat\/escolabacdecerdanya\/wp-content\/uploads\/usu1753\/2024\/05\/IMG-20240528-WA0000-200x150.jpg 200w, https:\/\/agora.xtec.cat\/escolabacdecerdanya\/wp-content\/uploads\/usu1753\/2024\/05\/IMG-20240528-WA0000.jpg 2048w\" sizes=\"auto, (max-width: 322px) 100vw, 322px\" \/>\u00a0\u00a0\u00a0\u00a0<\/a> <a href=\"https:\/\/agora.xtec.cat\/escolabacdecerdanya\/wp-content\/uploads\/usu1753\/2024\/05\/IMG-20240528-WA0001.jpg\"><img loading=\"lazy\" decoding=\"async\" class=\"alignnone  wp-image-6823\" src=\"https:\/\/agora.xtec.cat\/escolabacdecerdanya\/wp-content\/uploads\/usu1753\/2024\/05\/IMG-20240528-WA0001-1024x768.jpg\" alt=\"\" width=\"324\" height=\"243\" srcset=\"https:\/\/agora.xtec.cat\/escolabacdecerdanya\/wp-content\/uploads\/usu1753\/2024\/05\/IMG-20240528-WA0001-1024x768.jpg 1024w, https:\/\/agora.xtec.cat\/escolabacdecerdanya\/wp-content\/uploads\/usu1753\/2024\/05\/IMG-20240528-WA0001-300x225.jpg 300w, https:\/\/agora.xtec.cat\/escolabacdecerdanya\/wp-content\/uploads\/usu1753\/2024\/05\/IMG-20240528-WA0001-768x576.jpg 768w, https:\/\/agora.xtec.cat\/escolabacdecerdanya\/wp-content\/uploads\/usu1753\/2024\/05\/IMG-20240528-WA0001-1536x1152.jpg 1536w, https:\/\/agora.xtec.cat\/escolabacdecerdanya\/wp-content\/uploads\/usu1753\/2024\/05\/IMG-20240528-WA0001-200x150.jpg 200w, https:\/\/agora.xtec.cat\/escolabacdecerdanya\/wp-content\/uploads\/usu1753\/2024\/05\/IMG-20240528-WA0001.jpg 2048w\" sizes=\"auto, (max-width: 324px) 100vw, 324px\" \/><\/a><\/p>\n","protected":false},"excerpt":{"rendered":"<p>Els i les alumnes de cicle mitj\u00e0 (3r i 4t) us convidem a visitar l&#8217;Exposici\u00f3 d&#8217;instruments musicals que hem posat a l&#8217;entrada de l&#8217;escola. Hi ser\u00e0 durant dues setmanes.<br \/>\nNo \u00e9s una exposici\u00f3 qualsevol! es tracta d&#8217;instruments de vent, corda i percussi\u00f3 que hem fabricat nosaltres&hellip;  <a href=\"https:\/\/agora.xtec.cat\/escolabacdecerdanya\/general\/exposicio-dinstruments-musicals\/\" title=\"Read EXPOSICI\u00d3 D&#8217;INSTRUMENTS MUSICALS\">Llegeix m\u00e9s\u00bb<\/a><\/p>\n","protected":false},"author":8,"featured_media":6824,"comment_status":"open","ping_status":"closed","sticky":false,"template":"","format":"standard","meta":{"_bbp_topic_count":0,"_bbp_reply_count":0,"_bbp_total_topic_count":0,"_bbp_total_reply_count":0,"_bbp_voice_count":0,"_bbp_anonymous_reply_count":0,"_bbp_topic_count_hidden":0,"_bbp_reply_count_hidden":0,"_bbp_forum_subforum_count":0,"footnotes":""},"categories":[12,13,239,105,1,121,61,4],"tags":[],"class_list":["post-6821","post","type-post","status-publish","format-standard","has-post-thumbnail","hentry","category-3r","category-4t","category-album-de-fotos","category-mitja","category-general","category-musica","category-novetats","category-portada"],"post_mailing_queue_ids":[],"_links":{"self":[{"href":"https:\/\/agora.xtec.cat\/escolabacdecerdanya\/wp-json\/wp\/v2\/posts\/6821","targetHints":{"allow":["GET"]}}],"collection":[{"href":"https:\/\/agora.xtec.cat\/escolabacdecerdanya\/wp-json\/wp\/v2\/posts"}],"about":[{"href":"https:\/\/agora.xtec.cat\/escolabacdecerdanya\/wp-json\/wp\/v2\/types\/post"}],"author":[{"embeddable":true,"href":"https:\/\/agora.xtec.cat\/escolabacdecerdanya\/wp-json\/wp\/v2\/users\/8"}],"replies":[{"embeddable":true,"href":"https:\/\/agora.xtec.cat\/escolabacdecerdanya\/wp-json\/wp\/v2\/comments?post=6821"}],"version-history":[{"count":1,"href":"https:\/\/agora.xtec.cat\/escolabacdecerdanya\/wp-json\/wp\/v2\/posts\/6821\/revisions"}],"predecessor-version":[{"id":6825,"href":"https:\/\/agora.xtec.cat\/escolabacdecerdanya\/wp-json\/wp\/v2\/posts\/6821\/revisions\/6825"}],"wp:featuredmedia":[{"embeddable":true,"href":"https:\/\/agora.xtec.cat\/escolabacdecerdanya\/wp-json\/wp\/v2\/media\/6824"}],"wp:attachment":[{"href":"https:\/\/agora.xtec.cat\/escolabacdecerdanya\/wp-json\/wp\/v2\/media?parent=6821"}],"wp:term":[{"taxonomy":"category","embeddable":true,"href":"https:\/\/agora.xtec.cat\/escolabacdecerdanya\/wp-json\/wp\/v2\/categories?post=6821"},{"taxonomy":"post_tag","embeddable":true,"href":"https:\/\/agora.xtec.cat\/escolabacdecerdanya\/wp-json\/wp\/v2\/tags?post=6821"}],"curies":[{"name":"wp","href":"https:\/\/api.w.org\/{rel}","templated":true}]}}