{"id":6817,"date":"2024-05-23T13:11:43","date_gmt":"2024-05-23T11:11:43","guid":{"rendered":"https:\/\/agora.xtec.cat\/escolabacdecerdanya\/?p=6817"},"modified":"2024-05-23T13:11:43","modified_gmt":"2024-05-23T11:11:43","slug":"jocs-florals-de-catalunya","status":"publish","type":"post","link":"https:\/\/agora.xtec.cat\/escolabacdecerdanya\/general\/jocs-florals-de-catalunya\/","title":{"rendered":"JOCS FLORALS DE CATALUNYA"},"content":{"rendered":"<p>El divendres 17 de maig va haver els jocs florals de Catalunya que es van celebrar a Alp. Des de l&#8217;escola estem molt contents perqu\u00e8 va haver una guanyadora, la Salom\u00e9 de segon de prim\u00e0ria. Va guanyar amb la modalitat de poesia, amb el seu poema &#8220;La granja&#8221;. Enhorabona Salom\u00e9!!<\/p>\n<p>Cliqueu a la imatge per veure m\u00e9s imatges.<\/p>\n<p>&nbsp;<\/p>\n<p><a href=\"https:\/\/drive.google.com\/drive\/folders\/1LgyyW-dWHK-1gu08ywaNm-IZ9zQgQLRK?usp=drive_link\"><img loading=\"lazy\" decoding=\"async\" class=\"alignnone  wp-image-6818\" src=\"https:\/\/agora.xtec.cat\/escolabacdecerdanya\/wp-content\/uploads\/usu1753\/2024\/05\/IMG-20240517-WA0012-1024x1024.jpg\" alt=\"\" width=\"223\" height=\"223\" srcset=\"https:\/\/agora.xtec.cat\/escolabacdecerdanya\/wp-content\/uploads\/usu1753\/2024\/05\/IMG-20240517-WA0012-1024x1024.jpg 1024w, https:\/\/agora.xtec.cat\/escolabacdecerdanya\/wp-content\/uploads\/usu1753\/2024\/05\/IMG-20240517-WA0012-300x300.jpg 300w, https:\/\/agora.xtec.cat\/escolabacdecerdanya\/wp-content\/uploads\/usu1753\/2024\/05\/IMG-20240517-WA0012-150x150.jpg 150w, https:\/\/agora.xtec.cat\/escolabacdecerdanya\/wp-content\/uploads\/usu1753\/2024\/05\/IMG-20240517-WA0012-768x768.jpg 768w, https:\/\/agora.xtec.cat\/escolabacdecerdanya\/wp-content\/uploads\/usu1753\/2024\/05\/IMG-20240517-WA0012.jpg 1496w\" sizes=\"auto, (max-width: 223px) 100vw, 223px\" \/><\/a><\/p>\n","protected":false},"excerpt":{"rendered":"<p>El divendres 17 de maig va haver els jocs florals de Catalunya que es van celebrar a Alp. Des de l&#8217;escola estem molt contents perqu\u00e8 va haver una guanyadora, la Salom\u00e9 de segon de prim\u00e0ria. Va guanyar amb la modalitat de poesia, amb el seu&hellip;  <a href=\"https:\/\/agora.xtec.cat\/escolabacdecerdanya\/general\/jocs-florals-de-catalunya\/\" title=\"Read JOCS FLORALS DE CATALUNYA\">Llegeix m\u00e9s\u00bb<\/a><\/p>\n","protected":false},"author":18,"featured_media":6818,"comment_status":"open","ping_status":"closed","sticky":false,"template":"","format":"standard","meta":{"_bbp_topic_count":0,"_bbp_reply_count":0,"_bbp_total_topic_count":0,"_bbp_total_reply_count":0,"_bbp_voice_count":0,"_bbp_anonymous_reply_count":0,"_bbp_topic_count_hidden":0,"_bbp_reply_count_hidden":0,"_bbp_forum_subforum_count":0,"footnotes":""},"categories":[10,11,12,13,14,15,104,105,76,91,1,4],"tags":[],"class_list":["post-6817","post","type-post","status-publish","format-standard","has-post-thumbnail","hentry","category-1r","category-2n","category-3r","category-4t","category-5e","category-6e","category-inicial","category-mitja","category-cicle-superior","category-concurs","category-general","category-portada"],"post_mailing_queue_ids":[],"_links":{"self":[{"href":"https:\/\/agora.xtec.cat\/escolabacdecerdanya\/wp-json\/wp\/v2\/posts\/6817","targetHints":{"allow":["GET"]}}],"collection":[{"href":"https:\/\/agora.xtec.cat\/escolabacdecerdanya\/wp-json\/wp\/v2\/posts"}],"about":[{"href":"https:\/\/agora.xtec.cat\/escolabacdecerdanya\/wp-json\/wp\/v2\/types\/post"}],"author":[{"embeddable":true,"href":"https:\/\/agora.xtec.cat\/escolabacdecerdanya\/wp-json\/wp\/v2\/users\/18"}],"replies":[{"embeddable":true,"href":"https:\/\/agora.xtec.cat\/escolabacdecerdanya\/wp-json\/wp\/v2\/comments?post=6817"}],"version-history":[{"count":2,"href":"https:\/\/agora.xtec.cat\/escolabacdecerdanya\/wp-json\/wp\/v2\/posts\/6817\/revisions"}],"predecessor-version":[{"id":6820,"href":"https:\/\/agora.xtec.cat\/escolabacdecerdanya\/wp-json\/wp\/v2\/posts\/6817\/revisions\/6820"}],"wp:featuredmedia":[{"embeddable":true,"href":"https:\/\/agora.xtec.cat\/escolabacdecerdanya\/wp-json\/wp\/v2\/media\/6818"}],"wp:attachment":[{"href":"https:\/\/agora.xtec.cat\/escolabacdecerdanya\/wp-json\/wp\/v2\/media?parent=6817"}],"wp:term":[{"taxonomy":"category","embeddable":true,"href":"https:\/\/agora.xtec.cat\/escolabacdecerdanya\/wp-json\/wp\/v2\/categories?post=6817"},{"taxonomy":"post_tag","embeddable":true,"href":"https:\/\/agora.xtec.cat\/escolabacdecerdanya\/wp-json\/wp\/v2\/tags?post=6817"}],"curies":[{"name":"wp","href":"https:\/\/api.w.org\/{rel}","templated":true}]}}