{"id":6786,"date":"2024-05-19T19:43:24","date_gmt":"2024-05-19T17:43:24","guid":{"rendered":"https:\/\/agora.xtec.cat\/escolabacdecerdanya\/?p=6786"},"modified":"2024-05-19T19:43:24","modified_gmt":"2024-05-19T17:43:24","slug":"cantania-a-lauditori-de-barcelona","status":"publish","type":"post","link":"https:\/\/agora.xtec.cat\/escolabacdecerdanya\/general\/cantania-a-lauditori-de-barcelona\/","title":{"rendered":"CANT\u00c0NIA A L&#8217;AUDITORI DE BARCELONA"},"content":{"rendered":"<p><a href=\"https:\/\/agora.xtec.cat\/escolabacdecerdanya\/wp-content\/uploads\/usu1753\/2024\/05\/IMG-20240516-WA0021.jpg\"><img loading=\"lazy\" decoding=\"async\" class=\"wp-image-6791 alignleft\" src=\"https:\/\/agora.xtec.cat\/escolabacdecerdanya\/wp-content\/uploads\/usu1753\/2024\/05\/IMG-20240516-WA0021-1024x768.jpg\" alt=\"\" width=\"242\" height=\"182\" srcset=\"https:\/\/agora.xtec.cat\/escolabacdecerdanya\/wp-content\/uploads\/usu1753\/2024\/05\/IMG-20240516-WA0021-1024x768.jpg 1024w, https:\/\/agora.xtec.cat\/escolabacdecerdanya\/wp-content\/uploads\/usu1753\/2024\/05\/IMG-20240516-WA0021-300x225.jpg 300w, https:\/\/agora.xtec.cat\/escolabacdecerdanya\/wp-content\/uploads\/usu1753\/2024\/05\/IMG-20240516-WA0021-768x576.jpg 768w, https:\/\/agora.xtec.cat\/escolabacdecerdanya\/wp-content\/uploads\/usu1753\/2024\/05\/IMG-20240516-WA0021-1536x1152.jpg 1536w, https:\/\/agora.xtec.cat\/escolabacdecerdanya\/wp-content\/uploads\/usu1753\/2024\/05\/IMG-20240516-WA0021-200x150.jpg 200w, https:\/\/agora.xtec.cat\/escolabacdecerdanya\/wp-content\/uploads\/usu1753\/2024\/05\/IMG-20240516-WA0021.jpg 1600w\" sizes=\"auto, (max-width: 242px) 100vw, 242px\" \/><\/a>El dijous 16 de maig els alumnes de 5\u00e8 i 6\u00e8 vam anar a l&#8217;Auditori de Barcelona a cantar &#8220;El Naufragi&#8221;, la cant\u00e0nia d&#8217;aquest curs. Vam cantar en directe un total de 800 alumnes de diferents escoles de Catalunya, els solistes (la Martina i el Biel, protagonistes de la hist\u00f2ria)\u00a0 i els m\u00fasics de l&#8217;orquestra. Ens van venir a veure les nostres fam\u00edlies que van gaudir molt amb l&#8217;espectacle. En acabar el concert ens vam trobar!, va ser molt emocionant.<\/p>\n<p><a href=\"https:\/\/agora.xtec.cat\/escolabacdecerdanya\/wp-content\/uploads\/usu1753\/2024\/05\/IMG-20240516-WA0001.jpg\"><img loading=\"lazy\" decoding=\"async\" class=\"alignnone  wp-image-6790\" src=\"https:\/\/agora.xtec.cat\/escolabacdecerdanya\/wp-content\/uploads\/usu1753\/2024\/05\/IMG-20240516-WA0001-1024x768.jpg\" alt=\"\" width=\"347\" height=\"260\" srcset=\"https:\/\/agora.xtec.cat\/escolabacdecerdanya\/wp-content\/uploads\/usu1753\/2024\/05\/IMG-20240516-WA0001-1024x768.jpg 1024w, https:\/\/agora.xtec.cat\/escolabacdecerdanya\/wp-content\/uploads\/usu1753\/2024\/05\/IMG-20240516-WA0001-300x225.jpg 300w, https:\/\/agora.xtec.cat\/escolabacdecerdanya\/wp-content\/uploads\/usu1753\/2024\/05\/IMG-20240516-WA0001-768x576.jpg 768w, https:\/\/agora.xtec.cat\/escolabacdecerdanya\/wp-content\/uploads\/usu1753\/2024\/05\/IMG-20240516-WA0001-1536x1152.jpg 1536w, https:\/\/agora.xtec.cat\/escolabacdecerdanya\/wp-content\/uploads\/usu1753\/2024\/05\/IMG-20240516-WA0001-200x150.jpg 200w, https:\/\/agora.xtec.cat\/escolabacdecerdanya\/wp-content\/uploads\/usu1753\/2024\/05\/IMG-20240516-WA0001.jpg 1600w\" sizes=\"auto, (max-width: 347px) 100vw, 347px\" \/><\/a> \u00a0<a href=\"https:\/\/agora.xtec.cat\/escolabacdecerdanya\/wp-content\/uploads\/usu1753\/2024\/05\/IMG-20240517-WA0021.jpg\"><img loading=\"lazy\" decoding=\"async\" class=\"alignnone  wp-image-6787\" src=\"https:\/\/agora.xtec.cat\/escolabacdecerdanya\/wp-content\/uploads\/usu1753\/2024\/05\/IMG-20240517-WA0021-1024x768.jpg\" alt=\"\" width=\"349\" height=\"262\" srcset=\"https:\/\/agora.xtec.cat\/escolabacdecerdanya\/wp-content\/uploads\/usu1753\/2024\/05\/IMG-20240517-WA0021-1024x768.jpg 1024w, https:\/\/agora.xtec.cat\/escolabacdecerdanya\/wp-content\/uploads\/usu1753\/2024\/05\/IMG-20240517-WA0021-300x225.jpg 300w, https:\/\/agora.xtec.cat\/escolabacdecerdanya\/wp-content\/uploads\/usu1753\/2024\/05\/IMG-20240517-WA0021-768x576.jpg 768w, https:\/\/agora.xtec.cat\/escolabacdecerdanya\/wp-content\/uploads\/usu1753\/2024\/05\/IMG-20240517-WA0021-1536x1152.jpg 1536w, https:\/\/agora.xtec.cat\/escolabacdecerdanya\/wp-content\/uploads\/usu1753\/2024\/05\/IMG-20240517-WA0021-200x150.jpg 200w, https:\/\/agora.xtec.cat\/escolabacdecerdanya\/wp-content\/uploads\/usu1753\/2024\/05\/IMG-20240517-WA0021.jpg 1600w\" sizes=\"auto, (max-width: 349px) 100vw, 349px\" \/><\/a><\/p>\n<p>Moltes gr\u00e0cies a totes les fam\u00edlies que recolzeu iniciatives com aquesta i feu l&#8217;esfor\u00e7 de venir-nos a veure a l&#8217;Auditori! \u00e9s la millor manera d&#8217;ensenyar als nens i nenes la import\u00e0ncia d&#8217;implicar-se en els projectes i de sumar esfor\u00e7os per aconseguir objectius comuns.<\/p>\n<p>Per arrodonir el dia vam anar al &#8220;Cosmocaixa&#8221; i vam gaudir a l&#8217;espai d&#8217;experimentaci\u00f3 i aprenentatge, a l&#8217;exposici\u00f3 de dinosaures de la Patag\u00f2nia, a l&#8217;Univers, al Bosc inundat i al viatge a l&#8217;Ant\u00e0rtida entre altres.<\/p>\n<p>Va ser un dia fant\u00e0stic!&#8230; si voleu veure m\u00e9s imatges i v\u00eddeos cliqueu <a href=\"https:\/\/drive.google.com\/drive\/folders\/1iq-_MQB0U97GCU-QP3_cqD50gy2tM5Vw?usp=drive_link\">AQU\u00cd<\/a>!<\/p>\n<p><a href=\"https:\/\/agora.xtec.cat\/escolabacdecerdanya\/wp-content\/uploads\/usu1753\/2024\/05\/IMG-20240517-WA0020.jpg\"><img loading=\"lazy\" decoding=\"async\" class=\"alignnone  wp-image-6789\" src=\"https:\/\/agora.xtec.cat\/escolabacdecerdanya\/wp-content\/uploads\/usu1753\/2024\/05\/IMG-20240517-WA0020-1024x768.jpg\" alt=\"\" width=\"357\" height=\"268\" srcset=\"https:\/\/agora.xtec.cat\/escolabacdecerdanya\/wp-content\/uploads\/usu1753\/2024\/05\/IMG-20240517-WA0020-1024x768.jpg 1024w, https:\/\/agora.xtec.cat\/escolabacdecerdanya\/wp-content\/uploads\/usu1753\/2024\/05\/IMG-20240517-WA0020-300x225.jpg 300w, https:\/\/agora.xtec.cat\/escolabacdecerdanya\/wp-content\/uploads\/usu1753\/2024\/05\/IMG-20240517-WA0020-768x576.jpg 768w, https:\/\/agora.xtec.cat\/escolabacdecerdanya\/wp-content\/uploads\/usu1753\/2024\/05\/IMG-20240517-WA0020-1536x1152.jpg 1536w, https:\/\/agora.xtec.cat\/escolabacdecerdanya\/wp-content\/uploads\/usu1753\/2024\/05\/IMG-20240517-WA0020-200x150.jpg 200w, https:\/\/agora.xtec.cat\/escolabacdecerdanya\/wp-content\/uploads\/usu1753\/2024\/05\/IMG-20240517-WA0020.jpg 1600w\" sizes=\"auto, (max-width: 357px) 100vw, 357px\" \/>\u00a0<\/a> <a href=\"https:\/\/agora.xtec.cat\/escolabacdecerdanya\/wp-content\/uploads\/usu1753\/2024\/05\/IMG-20240517-WA0022.jpg\"><img loading=\"lazy\" decoding=\"async\" class=\"alignnone  wp-image-6788\" src=\"https:\/\/agora.xtec.cat\/escolabacdecerdanya\/wp-content\/uploads\/usu1753\/2024\/05\/IMG-20240517-WA0022-1024x768.jpg\" alt=\"\" width=\"358\" height=\"269\" srcset=\"https:\/\/agora.xtec.cat\/escolabacdecerdanya\/wp-content\/uploads\/usu1753\/2024\/05\/IMG-20240517-WA0022-1024x768.jpg 1024w, https:\/\/agora.xtec.cat\/escolabacdecerdanya\/wp-content\/uploads\/usu1753\/2024\/05\/IMG-20240517-WA0022-300x225.jpg 300w, https:\/\/agora.xtec.cat\/escolabacdecerdanya\/wp-content\/uploads\/usu1753\/2024\/05\/IMG-20240517-WA0022-768x576.jpg 768w, https:\/\/agora.xtec.cat\/escolabacdecerdanya\/wp-content\/uploads\/usu1753\/2024\/05\/IMG-20240517-WA0022-1536x1152.jpg 1536w, https:\/\/agora.xtec.cat\/escolabacdecerdanya\/wp-content\/uploads\/usu1753\/2024\/05\/IMG-20240517-WA0022-200x150.jpg 200w, https:\/\/agora.xtec.cat\/escolabacdecerdanya\/wp-content\/uploads\/usu1753\/2024\/05\/IMG-20240517-WA0022.jpg 1600w\" sizes=\"auto, (max-width: 358px) 100vw, 358px\" \/><\/a><\/p>\n","protected":false},"excerpt":{"rendered":"<p><a href=\"https:\/\/agora.xtec.cat\/escolabacdecerdanya\/wp-content\/uploads\/usu1753\/2024\/05\/IMG-20240516-WA0021.jpg\"><\/a>El dijous 16 de maig els alumnes de 5\u00e8 i 6\u00e8 vam anar a l&#8217;Auditori de Barcelona a cantar &#8220;El Naufragi&#8221;, la cant\u00e0nia d&#8217;aquest curs. Vam cantar en directe un total de 800 alumnes de diferents escoles de Catalunya, els solistes (la Martina i&hellip;  <a href=\"https:\/\/agora.xtec.cat\/escolabacdecerdanya\/general\/cantania-a-lauditori-de-barcelona\/\" title=\"Read CANT\u00c0NIA A L&#8217;AUDITORI DE BARCELONA\">Llegeix m\u00e9s\u00bb<\/a><\/p>\n","protected":false},"author":8,"featured_media":6791,"comment_status":"open","ping_status":"closed","sticky":false,"template":"","format":"standard","meta":{"_bbp_topic_count":0,"_bbp_reply_count":0,"_bbp_total_topic_count":0,"_bbp_total_reply_count":0,"_bbp_voice_count":0,"_bbp_anonymous_reply_count":0,"_bbp_topic_count_hidden":0,"_bbp_reply_count_hidden":0,"_bbp_forum_subforum_count":0,"footnotes":""},"categories":[14,15,76,60,241,1,121,61,4,86],"tags":[],"class_list":["post-6786","post","type-post","status-publish","format-standard","has-post-thumbnail","hentry","category-5e","category-6e","category-cicle-superior","category-families","category-ft-cicle-superior","category-general","category-musica","category-novetats","category-portada","category-sortida"],"post_mailing_queue_ids":[],"_links":{"self":[{"href":"https:\/\/agora.xtec.cat\/escolabacdecerdanya\/wp-json\/wp\/v2\/posts\/6786","targetHints":{"allow":["GET"]}}],"collection":[{"href":"https:\/\/agora.xtec.cat\/escolabacdecerdanya\/wp-json\/wp\/v2\/posts"}],"about":[{"href":"https:\/\/agora.xtec.cat\/escolabacdecerdanya\/wp-json\/wp\/v2\/types\/post"}],"author":[{"embeddable":true,"href":"https:\/\/agora.xtec.cat\/escolabacdecerdanya\/wp-json\/wp\/v2\/users\/8"}],"replies":[{"embeddable":true,"href":"https:\/\/agora.xtec.cat\/escolabacdecerdanya\/wp-json\/wp\/v2\/comments?post=6786"}],"version-history":[{"count":3,"href":"https:\/\/agora.xtec.cat\/escolabacdecerdanya\/wp-json\/wp\/v2\/posts\/6786\/revisions"}],"predecessor-version":[{"id":6794,"href":"https:\/\/agora.xtec.cat\/escolabacdecerdanya\/wp-json\/wp\/v2\/posts\/6786\/revisions\/6794"}],"wp:featuredmedia":[{"embeddable":true,"href":"https:\/\/agora.xtec.cat\/escolabacdecerdanya\/wp-json\/wp\/v2\/media\/6791"}],"wp:attachment":[{"href":"https:\/\/agora.xtec.cat\/escolabacdecerdanya\/wp-json\/wp\/v2\/media?parent=6786"}],"wp:term":[{"taxonomy":"category","embeddable":true,"href":"https:\/\/agora.xtec.cat\/escolabacdecerdanya\/wp-json\/wp\/v2\/categories?post=6786"},{"taxonomy":"post_tag","embeddable":true,"href":"https:\/\/agora.xtec.cat\/escolabacdecerdanya\/wp-json\/wp\/v2\/tags?post=6786"}],"curies":[{"name":"wp","href":"https:\/\/api.w.org\/{rel}","templated":true}]}}