{"id":6775,"date":"2024-05-11T10:46:05","date_gmt":"2024-05-11T08:46:05","guid":{"rendered":"https:\/\/agora.xtec.cat\/escolabacdecerdanya\/?p=6775"},"modified":"2024-05-11T10:49:33","modified_gmt":"2024-05-11T08:49:33","slug":"jornada-multiatletica-2","status":"publish","type":"post","link":"https:\/\/agora.xtec.cat\/escolabacdecerdanya\/general\/jornada-multiatletica-2\/","title":{"rendered":"Jornada multiatl\u00e8tica"},"content":{"rendered":"<p style=\"text-align: left\">Avui els alumnes de Cicle Superior ens hem trobat amb altres nens\/es de la comarca al camp de futbol de Puigcerd\u00e0 per participar a la Jornada Multiatl\u00e8tica organitzada pel Consell Esportiu de la Cerdanya. Hem realitzat moltes proves: salt de llargada, relleus, llan\u00e7ament de javelina, salt de tanques, etc.<br \/>\nFinalitzades les proves, hem anat a dinar a l\u2019estrany i despr\u00e9s hem fet una activitat d\u2019 orientaci\u00f3.<\/p>\n<p style=\"text-align: center\"><a href=\"https:\/\/drive.google.com\/drive\/folders\/1HoZsKmxhQNJyR10dk4XhhfM3sEtGvUtB\"><img loading=\"lazy\" decoding=\"async\" class=\"alignnone wp-image-6776\" src=\"https:\/\/agora.xtec.cat\/escolabacdecerdanya\/wp-content\/uploads\/usu1753\/2024\/05\/a8383c6d-3fb1-4fbf-8123-733322fb83ef-768x1024.jpg\" alt=\"\" width=\"573\" height=\"764\" srcset=\"https:\/\/agora.xtec.cat\/escolabacdecerdanya\/wp-content\/uploads\/usu1753\/2024\/05\/a8383c6d-3fb1-4fbf-8123-733322fb83ef-768x1024.jpg 768w, https:\/\/agora.xtec.cat\/escolabacdecerdanya\/wp-content\/uploads\/usu1753\/2024\/05\/a8383c6d-3fb1-4fbf-8123-733322fb83ef-225x300.jpg 225w, https:\/\/agora.xtec.cat\/escolabacdecerdanya\/wp-content\/uploads\/usu1753\/2024\/05\/a8383c6d-3fb1-4fbf-8123-733322fb83ef-1152x1536.jpg 1152w, https:\/\/agora.xtec.cat\/escolabacdecerdanya\/wp-content\/uploads\/usu1753\/2024\/05\/a8383c6d-3fb1-4fbf-8123-733322fb83ef.jpg 1200w\" sizes=\"auto, (max-width: 573px) 100vw, 573px\" \/><\/a><\/p>\n<p>&nbsp;<\/p>\n","protected":false},"excerpt":{"rendered":"<p>Avui els alumnes de Cicle Superior ens hem trobat amb altres nens\/es de la comarca al camp de futbol de Puigcerd\u00e0 per participar a la Jornada Multiatl\u00e8tica organitzada pel Consell Esportiu de la Cerdanya. Hem realitzat moltes proves: salt de llargada, relleus, llan\u00e7ament de javelina,&hellip;  <a href=\"https:\/\/agora.xtec.cat\/escolabacdecerdanya\/general\/jornada-multiatletica-2\/\" title=\"Read Jornada multiatl\u00e8tica\">Llegeix m\u00e9s\u00bb<\/a><\/p>\n","protected":false},"author":27,"featured_media":6776,"comment_status":"open","ping_status":"closed","sticky":false,"template":"","format":"standard","meta":{"_bbp_topic_count":0,"_bbp_reply_count":0,"_bbp_total_topic_count":0,"_bbp_total_reply_count":0,"_bbp_voice_count":0,"_bbp_anonymous_reply_count":0,"_bbp_topic_count_hidden":0,"_bbp_reply_count_hidden":0,"_bbp_forum_subforum_count":0,"footnotes":""},"categories":[14,15,76,1,61,4],"tags":[],"class_list":["post-6775","post","type-post","status-publish","format-standard","has-post-thumbnail","hentry","category-5e","category-6e","category-cicle-superior","category-general","category-novetats","category-portada"],"post_mailing_queue_ids":[],"_links":{"self":[{"href":"https:\/\/agora.xtec.cat\/escolabacdecerdanya\/wp-json\/wp\/v2\/posts\/6775","targetHints":{"allow":["GET"]}}],"collection":[{"href":"https:\/\/agora.xtec.cat\/escolabacdecerdanya\/wp-json\/wp\/v2\/posts"}],"about":[{"href":"https:\/\/agora.xtec.cat\/escolabacdecerdanya\/wp-json\/wp\/v2\/types\/post"}],"author":[{"embeddable":true,"href":"https:\/\/agora.xtec.cat\/escolabacdecerdanya\/wp-json\/wp\/v2\/users\/27"}],"replies":[{"embeddable":true,"href":"https:\/\/agora.xtec.cat\/escolabacdecerdanya\/wp-json\/wp\/v2\/comments?post=6775"}],"version-history":[{"count":3,"href":"https:\/\/agora.xtec.cat\/escolabacdecerdanya\/wp-json\/wp\/v2\/posts\/6775\/revisions"}],"predecessor-version":[{"id":6779,"href":"https:\/\/agora.xtec.cat\/escolabacdecerdanya\/wp-json\/wp\/v2\/posts\/6775\/revisions\/6779"}],"wp:featuredmedia":[{"embeddable":true,"href":"https:\/\/agora.xtec.cat\/escolabacdecerdanya\/wp-json\/wp\/v2\/media\/6776"}],"wp:attachment":[{"href":"https:\/\/agora.xtec.cat\/escolabacdecerdanya\/wp-json\/wp\/v2\/media?parent=6775"}],"wp:term":[{"taxonomy":"category","embeddable":true,"href":"https:\/\/agora.xtec.cat\/escolabacdecerdanya\/wp-json\/wp\/v2\/categories?post=6775"},{"taxonomy":"post_tag","embeddable":true,"href":"https:\/\/agora.xtec.cat\/escolabacdecerdanya\/wp-json\/wp\/v2\/tags?post=6775"}],"curies":[{"name":"wp","href":"https:\/\/api.w.org\/{rel}","templated":true}]}}