{"id":6765,"date":"2024-05-09T18:17:12","date_gmt":"2024-05-09T16:17:12","guid":{"rendered":"https:\/\/agora.xtec.cat\/escolabacdecerdanya\/?p=6765"},"modified":"2024-05-09T18:17:12","modified_gmt":"2024-05-09T16:17:12","slug":"exposicio-de-picasso","status":"publish","type":"post","link":"https:\/\/agora.xtec.cat\/escolabacdecerdanya\/general\/exposicio-de-picasso\/","title":{"rendered":"Exposici\u00f3 de Picasso"},"content":{"rendered":"<p>Dimecres els infants de cicle inicial vam fer una exposici\u00f3 del treball que hem fet de l&#8217;artista PABLO PICASSO.\u00a0 Vam convidar les nostres fam\u00edlies a veure qu\u00e8 hem apr\u00e8s de la vida de Picasso i com hem treballat la seva obra.\u00a0 Si voleu veure les fotos de l&#8217;exposici\u00f3 i els v\u00eddeos cliqueu <a href=\"https:\/\/drive.google.com\/drive\/folders\/1mvRqE4R9jihNt8DiyQjQII0X0jXYpIrW\">aqu\u00ed.<\/a><\/p>\n<p><a href=\"https:\/\/agora.xtec.cat\/escolabacdecerdanya\/wp-content\/uploads\/usu1753\/2024\/05\/picasso.jpg\"><img loading=\"lazy\" decoding=\"async\" class=\"alignnone size-large wp-image-6766\" src=\"https:\/\/agora.xtec.cat\/escolabacdecerdanya\/wp-content\/uploads\/usu1753\/2024\/05\/picasso-1024x716.jpg\" alt=\"\" width=\"1024\" height=\"716\" srcset=\"https:\/\/agora.xtec.cat\/escolabacdecerdanya\/wp-content\/uploads\/usu1753\/2024\/05\/picasso-1024x716.jpg 1024w, https:\/\/agora.xtec.cat\/escolabacdecerdanya\/wp-content\/uploads\/usu1753\/2024\/05\/picasso-300x210.jpg 300w, https:\/\/agora.xtec.cat\/escolabacdecerdanya\/wp-content\/uploads\/usu1753\/2024\/05\/picasso-768x537.jpg 768w, https:\/\/agora.xtec.cat\/escolabacdecerdanya\/wp-content\/uploads\/usu1753\/2024\/05\/picasso-1536x1073.jpg 1536w, https:\/\/agora.xtec.cat\/escolabacdecerdanya\/wp-content\/uploads\/usu1753\/2024\/05\/picasso.jpg 1710w\" sizes=\"auto, (max-width: 1024px) 100vw, 1024px\" \/><\/a><\/p>\n","protected":false},"excerpt":{"rendered":"<p>Dimecres els infants de cicle inicial vam fer una exposici\u00f3 del treball que hem fet de l&#8217;artista PABLO PICASSO.\u00a0 Vam convidar les nostres fam\u00edlies a veure qu\u00e8 hem apr\u00e8s de la vida de Picasso i com hem treballat la seva obra.\u00a0 Si voleu veure les&hellip;  <a href=\"https:\/\/agora.xtec.cat\/escolabacdecerdanya\/general\/exposicio-de-picasso\/\" title=\"Read Exposici\u00f3 de Picasso\">Llegeix m\u00e9s\u00bb<\/a><\/p>\n","protected":false},"author":28,"featured_media":6766,"comment_status":"open","ping_status":"closed","sticky":false,"template":"","format":"standard","meta":{"_bbp_topic_count":0,"_bbp_reply_count":0,"_bbp_total_topic_count":0,"_bbp_total_reply_count":0,"_bbp_voice_count":0,"_bbp_anonymous_reply_count":0,"_bbp_topic_count_hidden":0,"_bbp_reply_count_hidden":0,"_bbp_forum_subforum_count":0,"footnotes":""},"categories":[104,240,243,1,61,4],"tags":[],"class_list":["post-6765","post","type-post","status-publish","format-standard","has-post-thumbnail","hentry","category-inicial","category-cicle-inicial","category-ft-cicle-inicial","category-general","category-novetats","category-portada"],"post_mailing_queue_ids":[],"_links":{"self":[{"href":"https:\/\/agora.xtec.cat\/escolabacdecerdanya\/wp-json\/wp\/v2\/posts\/6765","targetHints":{"allow":["GET"]}}],"collection":[{"href":"https:\/\/agora.xtec.cat\/escolabacdecerdanya\/wp-json\/wp\/v2\/posts"}],"about":[{"href":"https:\/\/agora.xtec.cat\/escolabacdecerdanya\/wp-json\/wp\/v2\/types\/post"}],"author":[{"embeddable":true,"href":"https:\/\/agora.xtec.cat\/escolabacdecerdanya\/wp-json\/wp\/v2\/users\/28"}],"replies":[{"embeddable":true,"href":"https:\/\/agora.xtec.cat\/escolabacdecerdanya\/wp-json\/wp\/v2\/comments?post=6765"}],"version-history":[{"count":1,"href":"https:\/\/agora.xtec.cat\/escolabacdecerdanya\/wp-json\/wp\/v2\/posts\/6765\/revisions"}],"predecessor-version":[{"id":6767,"href":"https:\/\/agora.xtec.cat\/escolabacdecerdanya\/wp-json\/wp\/v2\/posts\/6765\/revisions\/6767"}],"wp:featuredmedia":[{"embeddable":true,"href":"https:\/\/agora.xtec.cat\/escolabacdecerdanya\/wp-json\/wp\/v2\/media\/6766"}],"wp:attachment":[{"href":"https:\/\/agora.xtec.cat\/escolabacdecerdanya\/wp-json\/wp\/v2\/media?parent=6765"}],"wp:term":[{"taxonomy":"category","embeddable":true,"href":"https:\/\/agora.xtec.cat\/escolabacdecerdanya\/wp-json\/wp\/v2\/categories?post=6765"},{"taxonomy":"post_tag","embeddable":true,"href":"https:\/\/agora.xtec.cat\/escolabacdecerdanya\/wp-json\/wp\/v2\/tags?post=6765"}],"curies":[{"name":"wp","href":"https:\/\/api.w.org\/{rel}","templated":true}]}}