{"id":6749,"date":"2024-05-04T10:42:47","date_gmt":"2024-05-04T08:42:47","guid":{"rendered":"https:\/\/agora.xtec.cat\/escolabacdecerdanya\/?p=6749"},"modified":"2024-05-04T10:42:47","modified_gmt":"2024-05-04T08:42:47","slug":"tallers-internivells-a-educacio-infantil","status":"publish","type":"post","link":"https:\/\/agora.xtec.cat\/escolabacdecerdanya\/general\/tallers-internivells-a-educacio-infantil\/","title":{"rendered":"TALLERS INTERNIVELLS A EDUCACI\u00d3 INFANTIL"},"content":{"rendered":"<p style=\"text-align: left;\"><img loading=\"lazy\" decoding=\"async\" class=\"\" src=\"https:\/\/blocs.xtec.cat\/ciamadeuvives\/files\/2020\/04\/primavera.png\" alt=\"DIBUIX DE PRIMAVERA | BLOC DE 1r i 2n\" width=\"133\" height=\"94\" \/> Per tal de potenciar el treball en equip, les relacions socials amb alumnes d&#8217;altres classes i les habilitats socials com el respecte, l&#8217;empatia, l&#8217;escolta, el di\u00e0leg,&#8230;hem iniciat uns tallers relacionats amb la primavera. Amb els productes finals que hem realitzat (marietes, ocells, nius, papallones,&#8230;) hem decorat l&#8217;entrada de l&#8217;escola.<\/p>\n<p style=\"text-align: left;\">Aqu\u00ed teniu algunes frases, elaborades de manera natural, que els infants han pensat per explicar qu\u00e8 han apr\u00e8s i com ho han apr\u00e8s.<\/p>\n<p>Infants d&#8217;I5:<\/p>\n<ul>\n<li style=\"font-weight: 400;\" aria-level=\"1\"><span style=\"font-weight: 400;\">&#8220;ALSTALLES\u00a0 VAM FE DACURASIONS DE LANTRADA&#8221; (ORIOL I\u00a0 BIEL)<\/span><\/li>\n<li style=\"font-weight: 400;\" aria-level=\"1\"><span style=\"font-weight: 400;\">\u201cVAM\u00a0 FE AAONA\u201d (JASON)<\/span><\/li>\n<li style=\"font-weight: 400;\" aria-level=\"1\"><span style=\"font-weight: 400;\">\u201cVAM\u00a0 FE MARIETAS\u201d (AMIN)<\/span><\/li>\n<li style=\"font-weight: 400;\" aria-level=\"1\"><span style=\"font-weight: 400;\">\u201cANS\u00a0 A\u00a0 AGRADAT\u00a0 MOL\u00a0 ALS\u00a0 TALLES\u00a0 DA\u00a0 PRIMAVERA\u201d (AINA)<\/span><\/li>\n<\/ul>\n<p>Infants d&#8217;I4:<\/p>\n<ul>\n<li>&#8220;MARIETES, PAPAIONA&#8221; (ALEX)<\/li>\n<li>&#8220;MARIETES, PAPAIONA, FLOS, PUIETS&#8221; (ARES)<\/li>\n<li>&#8220;MARIETE&#8221; (EIRA)<\/li>\n<li>&#8220;MARIETES, PAPAIONA, PUETS&#8221; (ELIA)<\/li>\n<li><span style=\"font-size: large;\"><span lang=\"es-ES\">&#8220;MAIETAMLAIA&#8221; (MARIETES AMB LA LAIA) &#8220;<\/span><\/span><span style=\"font-size: large;\"><span lang=\"es-ES\">PAPAIONAMRIA&#8221; (PAPALLONES AMB LA MARIA) (ELNA)<\/span><\/span><\/li>\n<li>&#8220;MARIT\u00d1U&#8221; (MARIETES) LAIA<\/li>\n<li>&#8220;NO SE PORTAMALAMENT&#8221; (ORIOL)<\/li>\n<li>&#8220;NHOTGJBI&#8221; (HEM FET MARIETES, FLORS I PAPALLONES) (JAN)<\/li>\n<li>&#8220;MITKLH&#8221; (MARIETES) SERGI<\/li>\n<li>&#8220;BKGUGKG&#8221; (AIDEN)<\/li>\n<\/ul>\n<p><a href=\"https:\/\/agora.xtec.cat\/escolabacdecerdanya\/wp-content\/uploads\/usu1753\/2024\/05\/TALLERS-DE-PRIMAVERA.png\"><img loading=\"lazy\" decoding=\"async\" class=\"aligncenter wp-image-6753 size-medium\" src=\"https:\/\/agora.xtec.cat\/escolabacdecerdanya\/wp-content\/uploads\/usu1753\/2024\/05\/TALLERS-DE-PRIMAVERA-300x300.png\" alt=\"\" width=\"300\" height=\"300\" srcset=\"https:\/\/agora.xtec.cat\/escolabacdecerdanya\/wp-content\/uploads\/usu1753\/2024\/05\/TALLERS-DE-PRIMAVERA-300x300.png 300w, https:\/\/agora.xtec.cat\/escolabacdecerdanya\/wp-content\/uploads\/usu1753\/2024\/05\/TALLERS-DE-PRIMAVERA-1024x1024.png 1024w, https:\/\/agora.xtec.cat\/escolabacdecerdanya\/wp-content\/uploads\/usu1753\/2024\/05\/TALLERS-DE-PRIMAVERA-150x150.png 150w, https:\/\/agora.xtec.cat\/escolabacdecerdanya\/wp-content\/uploads\/usu1753\/2024\/05\/TALLERS-DE-PRIMAVERA-768x768.png 768w, https:\/\/agora.xtec.cat\/escolabacdecerdanya\/wp-content\/uploads\/usu1753\/2024\/05\/TALLERS-DE-PRIMAVERA.png 1080w\" sizes=\"auto, (max-width: 300px) 100vw, 300px\" \/><\/a><\/p>\n<p>&nbsp;<\/p>\n","protected":false},"excerpt":{"rendered":"<p> Per tal de potenciar el treball en equip, les relacions socials amb alumnes d&#8217;altres classes i les habilitats socials com el respecte, l&#8217;empatia, l&#8217;escolta, el di\u00e0leg,&#8230;hem iniciat uns tallers relacionats amb la primavera. Amb els productes finals que hem realitzat (marietes, ocells, nius, papallones,&#8230;)&hellip;  <a href=\"https:\/\/agora.xtec.cat\/escolabacdecerdanya\/general\/tallers-internivells-a-educacio-infantil\/\" title=\"Read TALLERS INTERNIVELLS A EDUCACI\u00d3 INFANTIL\">Llegeix m\u00e9s\u00bb<\/a><\/p>\n","protected":false},"author":6,"featured_media":6753,"comment_status":"open","ping_status":"closed","sticky":false,"template":"","format":"standard","meta":{"_bbp_topic_count":0,"_bbp_reply_count":0,"_bbp_total_topic_count":0,"_bbp_total_reply_count":0,"_bbp_voice_count":0,"_bbp_anonymous_reply_count":0,"_bbp_topic_count_hidden":0,"_bbp_reply_count_hidden":0,"_bbp_forum_subforum_count":0,"footnotes":""},"categories":[239,103,1,61,3,8,9,4],"tags":[],"class_list":["post-6749","post","type-post","status-publish","format-standard","has-post-thumbnail","hentry","category-album-de-fotos","category-infantil-2","category-general","category-novetats","category-p3","category-p4","category-p5","category-portada"],"post_mailing_queue_ids":[],"_links":{"self":[{"href":"https:\/\/agora.xtec.cat\/escolabacdecerdanya\/wp-json\/wp\/v2\/posts\/6749","targetHints":{"allow":["GET"]}}],"collection":[{"href":"https:\/\/agora.xtec.cat\/escolabacdecerdanya\/wp-json\/wp\/v2\/posts"}],"about":[{"href":"https:\/\/agora.xtec.cat\/escolabacdecerdanya\/wp-json\/wp\/v2\/types\/post"}],"author":[{"embeddable":true,"href":"https:\/\/agora.xtec.cat\/escolabacdecerdanya\/wp-json\/wp\/v2\/users\/6"}],"replies":[{"embeddable":true,"href":"https:\/\/agora.xtec.cat\/escolabacdecerdanya\/wp-json\/wp\/v2\/comments?post=6749"}],"version-history":[{"count":2,"href":"https:\/\/agora.xtec.cat\/escolabacdecerdanya\/wp-json\/wp\/v2\/posts\/6749\/revisions"}],"predecessor-version":[{"id":6754,"href":"https:\/\/agora.xtec.cat\/escolabacdecerdanya\/wp-json\/wp\/v2\/posts\/6749\/revisions\/6754"}],"wp:featuredmedia":[{"embeddable":true,"href":"https:\/\/agora.xtec.cat\/escolabacdecerdanya\/wp-json\/wp\/v2\/media\/6753"}],"wp:attachment":[{"href":"https:\/\/agora.xtec.cat\/escolabacdecerdanya\/wp-json\/wp\/v2\/media?parent=6749"}],"wp:term":[{"taxonomy":"category","embeddable":true,"href":"https:\/\/agora.xtec.cat\/escolabacdecerdanya\/wp-json\/wp\/v2\/categories?post=6749"},{"taxonomy":"post_tag","embeddable":true,"href":"https:\/\/agora.xtec.cat\/escolabacdecerdanya\/wp-json\/wp\/v2\/tags?post=6749"}],"curies":[{"name":"wp","href":"https:\/\/api.w.org\/{rel}","templated":true}]}}