{"id":6739,"date":"2024-04-26T11:40:37","date_gmt":"2024-04-26T09:40:37","guid":{"rendered":"https:\/\/agora.xtec.cat\/escolabacdecerdanya\/?p=6739"},"modified":"2024-04-26T11:40:37","modified_gmt":"2024-04-26T09:40:37","slug":"visita-del-sr-simo-lopez-director-de-centres-publics","status":"publish","type":"post","link":"https:\/\/agora.xtec.cat\/escolabacdecerdanya\/general\/visita-del-sr-simo-lopez-director-de-centres-publics\/","title":{"rendered":"VISITA DEL SR. SIM\u00d3 L\u00d3PEZ, DIRECTOR DE CENTRES P\u00daBLICS."},"content":{"rendered":"<p><a href=\"https:\/\/agora.xtec.cat\/escolabacdecerdanya\/wp-content\/uploads\/usu1753\/2024\/04\/IMG-20240426-WA0005.jpg\"><img loading=\"lazy\" decoding=\"async\" class=\"wp-image-6742 alignleft\" src=\"https:\/\/agora.xtec.cat\/escolabacdecerdanya\/wp-content\/uploads\/usu1753\/2024\/04\/IMG-20240426-WA0005-1024x768.jpg\" alt=\"\" width=\"332\" height=\"249\" srcset=\"https:\/\/agora.xtec.cat\/escolabacdecerdanya\/wp-content\/uploads\/usu1753\/2024\/04\/IMG-20240426-WA0005-1024x768.jpg 1024w, https:\/\/agora.xtec.cat\/escolabacdecerdanya\/wp-content\/uploads\/usu1753\/2024\/04\/IMG-20240426-WA0005-300x225.jpg 300w, https:\/\/agora.xtec.cat\/escolabacdecerdanya\/wp-content\/uploads\/usu1753\/2024\/04\/IMG-20240426-WA0005-768x576.jpg 768w, https:\/\/agora.xtec.cat\/escolabacdecerdanya\/wp-content\/uploads\/usu1753\/2024\/04\/IMG-20240426-WA0005-1536x1152.jpg 1536w, https:\/\/agora.xtec.cat\/escolabacdecerdanya\/wp-content\/uploads\/usu1753\/2024\/04\/IMG-20240426-WA0005-200x150.jpg 200w, https:\/\/agora.xtec.cat\/escolabacdecerdanya\/wp-content\/uploads\/usu1753\/2024\/04\/IMG-20240426-WA0005.jpg 2048w\" sizes=\"auto, (max-width: 332px) 100vw, 332px\" \/><\/a>Ahir al mat\u00ed vam rebre la visita al centre del Sr. Sim\u00f3 L\u00f3pez i Xirau, Director de Centres P\u00fablics. El van acompanyar el Sr. Ramon Jordana, Director dels SSTT d&#8217;Educaci\u00f3 a l&#8217;Alt Pirineu i Aran, i la Sra. Rosa Marsol, Directora adjunta.<\/p>\n<p>Tamb\u00e9 hi van assistir el Sr. Tom\u00e0s Pous i la Sra. Maria Tiana, Regidors de l&#8217;Ajuntament d&#8217;Alp. L&#8217;equip directiu els vam acompanyar per les instal\u00b7lacions del centre i van poder veure la teulada nova de l&#8217;escola. Agra\u00efm l&#8217;inter\u00e8s de Departament d&#8217;Educaci\u00f3 d&#8217;acostar-se a la realitat del nostre centre.<\/p>\n<p><a href=\"https:\/\/agora.xtec.cat\/escolabacdecerdanya\/wp-content\/uploads\/usu1753\/2024\/04\/IMG-20240426-WA0004.jpg\"><img loading=\"lazy\" decoding=\"async\" class=\"alignnone  wp-image-6741\" src=\"https:\/\/agora.xtec.cat\/escolabacdecerdanya\/wp-content\/uploads\/usu1753\/2024\/04\/IMG-20240426-WA0004-1024x768.jpg\" alt=\"\" width=\"345\" height=\"259\" srcset=\"https:\/\/agora.xtec.cat\/escolabacdecerdanya\/wp-content\/uploads\/usu1753\/2024\/04\/IMG-20240426-WA0004-1024x768.jpg 1024w, https:\/\/agora.xtec.cat\/escolabacdecerdanya\/wp-content\/uploads\/usu1753\/2024\/04\/IMG-20240426-WA0004-300x225.jpg 300w, https:\/\/agora.xtec.cat\/escolabacdecerdanya\/wp-content\/uploads\/usu1753\/2024\/04\/IMG-20240426-WA0004-768x576.jpg 768w, https:\/\/agora.xtec.cat\/escolabacdecerdanya\/wp-content\/uploads\/usu1753\/2024\/04\/IMG-20240426-WA0004-1536x1152.jpg 1536w, https:\/\/agora.xtec.cat\/escolabacdecerdanya\/wp-content\/uploads\/usu1753\/2024\/04\/IMG-20240426-WA0004-200x150.jpg 200w, https:\/\/agora.xtec.cat\/escolabacdecerdanya\/wp-content\/uploads\/usu1753\/2024\/04\/IMG-20240426-WA0004.jpg 2048w\" sizes=\"auto, (max-width: 345px) 100vw, 345px\" \/><\/a> <a href=\"https:\/\/agora.xtec.cat\/escolabacdecerdanya\/wp-content\/uploads\/usu1753\/2024\/04\/IMG-20240426-WA0001.jpg\"><img loading=\"lazy\" decoding=\"async\" class=\"alignnone  wp-image-6740\" src=\"https:\/\/agora.xtec.cat\/escolabacdecerdanya\/wp-content\/uploads\/usu1753\/2024\/04\/IMG-20240426-WA0001-1024x768.jpg\" alt=\"\" width=\"345\" height=\"259\" srcset=\"https:\/\/agora.xtec.cat\/escolabacdecerdanya\/wp-content\/uploads\/usu1753\/2024\/04\/IMG-20240426-WA0001-1024x768.jpg 1024w, https:\/\/agora.xtec.cat\/escolabacdecerdanya\/wp-content\/uploads\/usu1753\/2024\/04\/IMG-20240426-WA0001-300x225.jpg 300w, https:\/\/agora.xtec.cat\/escolabacdecerdanya\/wp-content\/uploads\/usu1753\/2024\/04\/IMG-20240426-WA0001-768x576.jpg 768w, https:\/\/agora.xtec.cat\/escolabacdecerdanya\/wp-content\/uploads\/usu1753\/2024\/04\/IMG-20240426-WA0001-1536x1152.jpg 1536w, https:\/\/agora.xtec.cat\/escolabacdecerdanya\/wp-content\/uploads\/usu1753\/2024\/04\/IMG-20240426-WA0001-200x150.jpg 200w, https:\/\/agora.xtec.cat\/escolabacdecerdanya\/wp-content\/uploads\/usu1753\/2024\/04\/IMG-20240426-WA0001.jpg 2048w\" sizes=\"auto, (max-width: 345px) 100vw, 345px\" \/><\/a><\/p>\n","protected":false},"excerpt":{"rendered":"<p><a href=\"https:\/\/agora.xtec.cat\/escolabacdecerdanya\/wp-content\/uploads\/usu1753\/2024\/04\/IMG-20240426-WA0005.jpg\"><\/a>Ahir al mat\u00ed vam rebre la visita al centre del Sr. Sim\u00f3 L\u00f3pez i Xirau, Director de Centres P\u00fablics. El van acompanyar el Sr. Ramon Jordana, Director dels SSTT d&#8217;Educaci\u00f3 a l&#8217;Alt Pirineu i Aran, i la Sra. Rosa Marsol, Directora adjunta.<br \/>\nTamb\u00e9 hi van&hellip;  <a href=\"https:\/\/agora.xtec.cat\/escolabacdecerdanya\/general\/visita-del-sr-simo-lopez-director-de-centres-publics\/\" title=\"Read VISITA DEL SR. SIM\u00d3 L\u00d3PEZ, DIRECTOR DE CENTRES P\u00daBLICS.\">Llegeix m\u00e9s\u00bb<\/a><\/p>\n","protected":false},"author":8,"featured_media":6742,"comment_status":"open","ping_status":"closed","sticky":false,"template":"","format":"standard","meta":{"_bbp_topic_count":0,"_bbp_reply_count":0,"_bbp_total_topic_count":0,"_bbp_total_reply_count":0,"_bbp_voice_count":0,"_bbp_anonymous_reply_count":0,"_bbp_topic_count_hidden":0,"_bbp_reply_count_hidden":0,"_bbp_forum_subforum_count":0,"footnotes":""},"categories":[1,61,4],"tags":[],"class_list":["post-6739","post","type-post","status-publish","format-standard","has-post-thumbnail","hentry","category-general","category-novetats","category-portada"],"post_mailing_queue_ids":[],"_links":{"self":[{"href":"https:\/\/agora.xtec.cat\/escolabacdecerdanya\/wp-json\/wp\/v2\/posts\/6739","targetHints":{"allow":["GET"]}}],"collection":[{"href":"https:\/\/agora.xtec.cat\/escolabacdecerdanya\/wp-json\/wp\/v2\/posts"}],"about":[{"href":"https:\/\/agora.xtec.cat\/escolabacdecerdanya\/wp-json\/wp\/v2\/types\/post"}],"author":[{"embeddable":true,"href":"https:\/\/agora.xtec.cat\/escolabacdecerdanya\/wp-json\/wp\/v2\/users\/8"}],"replies":[{"embeddable":true,"href":"https:\/\/agora.xtec.cat\/escolabacdecerdanya\/wp-json\/wp\/v2\/comments?post=6739"}],"version-history":[{"count":1,"href":"https:\/\/agora.xtec.cat\/escolabacdecerdanya\/wp-json\/wp\/v2\/posts\/6739\/revisions"}],"predecessor-version":[{"id":6743,"href":"https:\/\/agora.xtec.cat\/escolabacdecerdanya\/wp-json\/wp\/v2\/posts\/6739\/revisions\/6743"}],"wp:featuredmedia":[{"embeddable":true,"href":"https:\/\/agora.xtec.cat\/escolabacdecerdanya\/wp-json\/wp\/v2\/media\/6742"}],"wp:attachment":[{"href":"https:\/\/agora.xtec.cat\/escolabacdecerdanya\/wp-json\/wp\/v2\/media?parent=6739"}],"wp:term":[{"taxonomy":"category","embeddable":true,"href":"https:\/\/agora.xtec.cat\/escolabacdecerdanya\/wp-json\/wp\/v2\/categories?post=6739"},{"taxonomy":"post_tag","embeddable":true,"href":"https:\/\/agora.xtec.cat\/escolabacdecerdanya\/wp-json\/wp\/v2\/tags?post=6739"}],"curies":[{"name":"wp","href":"https:\/\/api.w.org\/{rel}","templated":true}]}}