{"id":6714,"date":"2024-04-24T12:50:55","date_gmt":"2024-04-24T10:50:55","guid":{"rendered":"https:\/\/agora.xtec.cat\/escolabacdecerdanya\/?p=6714"},"modified":"2024-04-24T12:40:12","modified_gmt":"2024-04-24T10:40:12","slug":"programacio-amb-el-codey-rocky","status":"publish","type":"post","link":"https:\/\/agora.xtec.cat\/escolabacdecerdanya\/portada\/programacio-amb-el-codey-rocky\/","title":{"rendered":"PROGRAMACI\u00d3 AMB EL CODEY ROCKY"},"content":{"rendered":"<p style=\"text-align: justify;\">Com ja sabeu el Departament d&#8217;Educaci\u00f3 ens ha dotat amb molts materials per treballar la rob\u00f2tica i el pensament computacional a l&#8217;escola.<\/p>\n<p style=\"text-align: justify;\">Els nens i nenes de 3r aquests dies traiem fum amb el pensament computacional, estem fent que els robots &#8220;Codey Rocky&#8221; facin molts moviments, sons, mostrin emocions&#8230;<\/p>\n<p style=\"text-align: justify;\">Primer els mestres ens han plantejat uns petits reptes a resoldre i aix\u00ed poder-nos familiaritzar amb les possibilitats del robot, despr\u00e9s ens han deixat investigar i cada parella hem decidit qu\u00e8 vol\u00edem que fes. D&#8217;aqu\u00ed unes setmanes arribar\u00e0 el repte final, ja us l&#8217;ensenyarem!<\/p>\n<table style=\"border-collapse: collapse; width: 100%;\">\n<tbody>\n<tr>\n<td style=\"width: 33.3333%;\"><a href=\"https:\/\/agora.xtec.cat\/escolabacdecerdanya\/wp-content\/uploads\/usu1753\/2024\/04\/1713783192530.jpg\" target=\"_blank\" rel=\"noopener\"><img loading=\"lazy\" decoding=\"async\" class=\"alignleft wp-image-6718 size-medium\" src=\"https:\/\/agora.xtec.cat\/escolabacdecerdanya\/wp-content\/uploads\/usu1753\/2024\/04\/1713783192530-300x225.jpg\" alt=\"\" width=\"300\" height=\"225\" srcset=\"https:\/\/agora.xtec.cat\/escolabacdecerdanya\/wp-content\/uploads\/usu1753\/2024\/04\/1713783192530-300x225.jpg 300w, https:\/\/agora.xtec.cat\/escolabacdecerdanya\/wp-content\/uploads\/usu1753\/2024\/04\/1713783192530-200x150.jpg 200w, https:\/\/agora.xtec.cat\/escolabacdecerdanya\/wp-content\/uploads\/usu1753\/2024\/04\/1713783192530.jpg 640w\" sizes=\"auto, (max-width: 300px) 100vw, 300px\" \/><\/a><\/td>\n<td style=\"width: 33.3333%;\"><a href=\"https:\/\/agora.xtec.cat\/escolabacdecerdanya\/wp-content\/uploads\/usu1753\/2024\/04\/1713783192549.jpg\" target=\"_blank\" rel=\"noopener\"><img loading=\"lazy\" decoding=\"async\" class=\"alignleft wp-image-6717 size-medium\" src=\"https:\/\/agora.xtec.cat\/escolabacdecerdanya\/wp-content\/uploads\/usu1753\/2024\/04\/1713783192549-300x225.jpg\" alt=\"\" width=\"300\" height=\"225\" srcset=\"https:\/\/agora.xtec.cat\/escolabacdecerdanya\/wp-content\/uploads\/usu1753\/2024\/04\/1713783192549-300x225.jpg 300w, https:\/\/agora.xtec.cat\/escolabacdecerdanya\/wp-content\/uploads\/usu1753\/2024\/04\/1713783192549-200x150.jpg 200w, https:\/\/agora.xtec.cat\/escolabacdecerdanya\/wp-content\/uploads\/usu1753\/2024\/04\/1713783192549.jpg 640w\" sizes=\"auto, (max-width: 300px) 100vw, 300px\" \/><\/a><\/td>\n<td style=\"width: 33.3333%;\"><a href=\"https:\/\/agora.xtec.cat\/escolabacdecerdanya\/wp-content\/uploads\/usu1753\/2024\/04\/1713783192569.jpg\" target=\"_blank\" rel=\"noopener\"><img loading=\"lazy\" decoding=\"async\" class=\"alignleft wp-image-6716 size-medium\" src=\"https:\/\/agora.xtec.cat\/escolabacdecerdanya\/wp-content\/uploads\/usu1753\/2024\/04\/1713783192569-300x225.jpg\" alt=\"\" width=\"300\" height=\"225\" srcset=\"https:\/\/agora.xtec.cat\/escolabacdecerdanya\/wp-content\/uploads\/usu1753\/2024\/04\/1713783192569-300x225.jpg 300w, https:\/\/agora.xtec.cat\/escolabacdecerdanya\/wp-content\/uploads\/usu1753\/2024\/04\/1713783192569-200x150.jpg 200w, https:\/\/agora.xtec.cat\/escolabacdecerdanya\/wp-content\/uploads\/usu1753\/2024\/04\/1713783192569.jpg 640w\" sizes=\"auto, (max-width: 300px) 100vw, 300px\" \/><\/a><\/td>\n<\/tr>\n<\/tbody>\n<\/table>\n","protected":false},"excerpt":{"rendered":"<p>Com ja sabeu el Departament d&#8217;Educaci\u00f3 ens ha dotat amb molts materials per treballar la rob\u00f2tica i el pensament computacional a l&#8217;escola.<br \/>\nEls nens i nenes de 3r aquests dies traiem fum amb el pensament computacional, estem fent que els robots &#8220;Codey Rocky&#8221; facin molts moviments,&hellip;  <a href=\"https:\/\/agora.xtec.cat\/escolabacdecerdanya\/portada\/programacio-amb-el-codey-rocky\/\" title=\"Read PROGRAMACI\u00d3 AMB EL CODEY ROCKY\">Llegeix m\u00e9s\u00bb<\/a><\/p>\n","protected":false},"author":60,"featured_media":6718,"comment_status":"open","ping_status":"closed","sticky":false,"template":"","format":"standard","meta":{"_bbp_topic_count":0,"_bbp_reply_count":0,"_bbp_total_topic_count":0,"_bbp_total_reply_count":0,"_bbp_voice_count":0,"_bbp_anonymous_reply_count":0,"_bbp_topic_count_hidden":0,"_bbp_reply_count_hidden":0,"_bbp_forum_subforum_count":0,"footnotes":""},"categories":[12,61,4,62],"tags":[],"class_list":["post-6714","post","type-post","status-publish","format-standard","has-post-thumbnail","hentry","category-3r","category-novetats","category-portada","category-robotica"],"post_mailing_queue_ids":[],"_links":{"self":[{"href":"https:\/\/agora.xtec.cat\/escolabacdecerdanya\/wp-json\/wp\/v2\/posts\/6714","targetHints":{"allow":["GET"]}}],"collection":[{"href":"https:\/\/agora.xtec.cat\/escolabacdecerdanya\/wp-json\/wp\/v2\/posts"}],"about":[{"href":"https:\/\/agora.xtec.cat\/escolabacdecerdanya\/wp-json\/wp\/v2\/types\/post"}],"author":[{"embeddable":true,"href":"https:\/\/agora.xtec.cat\/escolabacdecerdanya\/wp-json\/wp\/v2\/users\/60"}],"replies":[{"embeddable":true,"href":"https:\/\/agora.xtec.cat\/escolabacdecerdanya\/wp-json\/wp\/v2\/comments?post=6714"}],"version-history":[{"count":3,"href":"https:\/\/agora.xtec.cat\/escolabacdecerdanya\/wp-json\/wp\/v2\/posts\/6714\/revisions"}],"predecessor-version":[{"id":6723,"href":"https:\/\/agora.xtec.cat\/escolabacdecerdanya\/wp-json\/wp\/v2\/posts\/6714\/revisions\/6723"}],"wp:featuredmedia":[{"embeddable":true,"href":"https:\/\/agora.xtec.cat\/escolabacdecerdanya\/wp-json\/wp\/v2\/media\/6718"}],"wp:attachment":[{"href":"https:\/\/agora.xtec.cat\/escolabacdecerdanya\/wp-json\/wp\/v2\/media?parent=6714"}],"wp:term":[{"taxonomy":"category","embeddable":true,"href":"https:\/\/agora.xtec.cat\/escolabacdecerdanya\/wp-json\/wp\/v2\/categories?post=6714"},{"taxonomy":"post_tag","embeddable":true,"href":"https:\/\/agora.xtec.cat\/escolabacdecerdanya\/wp-json\/wp\/v2\/tags?post=6714"}],"curies":[{"name":"wp","href":"https:\/\/api.w.org\/{rel}","templated":true}]}}