{"id":6704,"date":"2024-04-22T09:59:07","date_gmt":"2024-04-22T07:59:07","guid":{"rendered":"https:\/\/agora.xtec.cat\/escolabacdecerdanya\/?p=6704"},"modified":"2024-04-24T13:38:55","modified_gmt":"2024-04-24T11:38:55","slug":"sant-jordi-2","status":"publish","type":"post","link":"https:\/\/agora.xtec.cat\/escolabacdecerdanya\/general\/sant-jordi-2\/","title":{"rendered":"SANT JORDI!"},"content":{"rendered":"<p><img loading=\"lazy\" decoding=\"async\" class=\"\" src=\"https:\/\/i.pinimg.com\/564x\/12\/3d\/e9\/123de973c22164bde24a46bb3ca292f5.jpg\" alt=\"dibujos de un libro - Buscar con Google | Como dibujar un libro, Libro dibujo, Libros para pintar\" width=\"60\" height=\"56\" \/>&#8220;ARRIBA SANT JORDI COM UN CAVALLER, AMB LA SEVA LLAN\u00c7A TRAVESSA EL CARRER&#8230;&#8221;\u00a0 Un any m\u00e9s celebrem la festivitat catalana de Sant Jordi. Diada de reflexi\u00f3 vers la llengua i la cultura catalana, diada de transmissi\u00f3 de valors (amor, respecte, igualtat de g\u00e8nere,&#8230;) i d&#8217;escolta de contes i poemes.<\/p>\n<p>A l&#8217;escola Bac de Cerdanya, ho celebrem ambientant l&#8217;entrada de l&#8217;escola amb <span style=\"font-family: inherit; font-size: 1em;\">coixins, seients,&#8230; i contes i llibres variats per tal de potenciar la lectura, el silenci, la concentraci\u00f3,&#8230; En aquesta biblioteca diferent, tenim un convidat especial, el drac de Sant Jordi!<\/span><\/p>\n<p>A m\u00e9s a m\u00e9s, s&#8217;han preparat una s\u00e8rie d&#8217;activitats pel dimarts, dia 23 d&#8217;abril. Entre elles balls, danses tradicionals amb la Silvia Cass\u00fa, creaci\u00f3 de paradetes amb elements creats pels alumnes de CS, tria de contes per l&#8217;aula a les paradetes,&#8230;<\/p>\n<p>Cal dir tamb\u00e9, que aquest any als Jocs Florals d&#8217;Alp, organitzat per l&#8217;ajuntament, han sortit guanyadors tres alumnes de l&#8217;escola: l&#8217;Avril Macias, en Youssef Ortega i el Miquel Ortiz de segon de prim\u00e0ria. Enhorabona!<\/p>\n<p>Cliqueu la imatge si voleu veure les activitats de la diada<\/p>\n<p><a href=\"https:\/\/drive.google.com\/drive\/folders\/1TVMf6wE2BURO7u05jFUnemDr9TvaRfEM?usp=drive_link\"><img loading=\"lazy\" decoding=\"async\" class=\"aligncenter wp-image-6729 size-medium\" src=\"https:\/\/agora.xtec.cat\/escolabacdecerdanya\/wp-content\/uploads\/usu1753\/2024\/04\/Cartell-vertical-Felic-diada-de-Sant-Jordi-Creatiu-Verd-1-212x300.png\" alt=\"\" width=\"212\" height=\"300\" srcset=\"https:\/\/agora.xtec.cat\/escolabacdecerdanya\/wp-content\/uploads\/usu1753\/2024\/04\/Cartell-vertical-Felic-diada-de-Sant-Jordi-Creatiu-Verd-1-212x300.png 212w, https:\/\/agora.xtec.cat\/escolabacdecerdanya\/wp-content\/uploads\/usu1753\/2024\/04\/Cartell-vertical-Felic-diada-de-Sant-Jordi-Creatiu-Verd-1-724x1024.png 724w, https:\/\/agora.xtec.cat\/escolabacdecerdanya\/wp-content\/uploads\/usu1753\/2024\/04\/Cartell-vertical-Felic-diada-de-Sant-Jordi-Creatiu-Verd-1-768x1086.png 768w, https:\/\/agora.xtec.cat\/escolabacdecerdanya\/wp-content\/uploads\/usu1753\/2024\/04\/Cartell-vertical-Felic-diada-de-Sant-Jordi-Creatiu-Verd-1-1086x1536.png 1086w, https:\/\/agora.xtec.cat\/escolabacdecerdanya\/wp-content\/uploads\/usu1753\/2024\/04\/Cartell-vertical-Felic-diada-de-Sant-Jordi-Creatiu-Verd-1-1448x2048.png 1448w, https:\/\/agora.xtec.cat\/escolabacdecerdanya\/wp-content\/uploads\/usu1753\/2024\/04\/Cartell-vertical-Felic-diada-de-Sant-Jordi-Creatiu-Verd-1.png 1587w\" sizes=\"auto, (max-width: 212px) 100vw, 212px\" \/><\/a><\/p>\n<p>&nbsp;<\/p>\n","protected":false},"excerpt":{"rendered":"<p>&#8220;ARRIBA SANT JORDI COM UN CAVALLER, AMB LA SEVA LLAN\u00c7A TRAVESSA EL CARRER&#8230;&#8221;\u00a0 Un any m\u00e9s celebrem la festivitat catalana de Sant Jordi. Diada de reflexi\u00f3 vers la llengua i la cultura catalana, diada de transmissi\u00f3 de valors (amor, respecte, igualtat de g\u00e8nere,&#8230;) i d&#8217;escolta&hellip;  <a href=\"https:\/\/agora.xtec.cat\/escolabacdecerdanya\/general\/sant-jordi-2\/\" title=\"Read SANT JORDI!\">Llegeix m\u00e9s\u00bb<\/a><\/p>\n","protected":false},"author":6,"featured_media":6729,"comment_status":"open","ping_status":"closed","sticky":false,"template":"","format":"standard","meta":{"_bbp_topic_count":0,"_bbp_reply_count":0,"_bbp_total_topic_count":0,"_bbp_total_reply_count":0,"_bbp_voice_count":0,"_bbp_anonymous_reply_count":0,"_bbp_topic_count_hidden":0,"_bbp_reply_count_hidden":0,"_bbp_forum_subforum_count":0,"footnotes":""},"categories":[10,11,12,13,14,15,239,104,240,105,76,103,161,243,242,241,1,61,3,8,9,4,92],"tags":[],"class_list":["post-6704","post","type-post","status-publish","format-standard","has-post-thumbnail","hentry","category-1r","category-2n","category-3r","category-4t","category-5e","category-6e","category-album-de-fotos","category-inicial","category-cicle-inicial","category-mitja","category-cicle-superior","category-infantil-2","category-festes","category-ft-cicle-inicial","category-ft-cicle-mitja","category-ft-cicle-superior","category-general","category-novetats","category-p3","category-p4","category-p5","category-portada","category-sant-jordi"],"post_mailing_queue_ids":[],"_links":{"self":[{"href":"https:\/\/agora.xtec.cat\/escolabacdecerdanya\/wp-json\/wp\/v2\/posts\/6704","targetHints":{"allow":["GET"]}}],"collection":[{"href":"https:\/\/agora.xtec.cat\/escolabacdecerdanya\/wp-json\/wp\/v2\/posts"}],"about":[{"href":"https:\/\/agora.xtec.cat\/escolabacdecerdanya\/wp-json\/wp\/v2\/types\/post"}],"author":[{"embeddable":true,"href":"https:\/\/agora.xtec.cat\/escolabacdecerdanya\/wp-json\/wp\/v2\/users\/6"}],"replies":[{"embeddable":true,"href":"https:\/\/agora.xtec.cat\/escolabacdecerdanya\/wp-json\/wp\/v2\/comments?post=6704"}],"version-history":[{"count":5,"href":"https:\/\/agora.xtec.cat\/escolabacdecerdanya\/wp-json\/wp\/v2\/posts\/6704\/revisions"}],"predecessor-version":[{"id":6730,"href":"https:\/\/agora.xtec.cat\/escolabacdecerdanya\/wp-json\/wp\/v2\/posts\/6704\/revisions\/6730"}],"wp:featuredmedia":[{"embeddable":true,"href":"https:\/\/agora.xtec.cat\/escolabacdecerdanya\/wp-json\/wp\/v2\/media\/6729"}],"wp:attachment":[{"href":"https:\/\/agora.xtec.cat\/escolabacdecerdanya\/wp-json\/wp\/v2\/media?parent=6704"}],"wp:term":[{"taxonomy":"category","embeddable":true,"href":"https:\/\/agora.xtec.cat\/escolabacdecerdanya\/wp-json\/wp\/v2\/categories?post=6704"},{"taxonomy":"post_tag","embeddable":true,"href":"https:\/\/agora.xtec.cat\/escolabacdecerdanya\/wp-json\/wp\/v2\/tags?post=6704"}],"curies":[{"name":"wp","href":"https:\/\/api.w.org\/{rel}","templated":true}]}}