{"id":6663,"date":"2024-01-29T21:52:06","date_gmt":"2024-01-29T20:52:06","guid":{"rendered":"https:\/\/agora.xtec.cat\/escolabacdecerdanya\/?p=6663"},"modified":"2024-03-31T21:53:15","modified_gmt":"2024-03-31T19:53:15","slug":"creem-figures-geometriques-amb-raim","status":"publish","type":"post","link":"https:\/\/agora.xtec.cat\/escolabacdecerdanya\/general\/creem-figures-geometriques-amb-raim\/","title":{"rendered":"CREEM FIGURES GEOM\u00c8TRIQUES AMB RA\u00cfM"},"content":{"rendered":"<p>Els nens i nenes d&#8217;I4 han creat diferents figures geom\u00e8triques (triangles, quadrats, rectangles i cercles) utilitzant ra\u00efm i escuradents.<\/p>\n<p>Ha estat una activitat divertida i pr\u00e0ctica que refor\u00e7a l&#8217;aprenentatge de les formes geom\u00e8triques alhora que treballen en equip i desenvolupen habilitats manuals i espacials.<\/p>\n<p>Al final de l&#8217;activitat s&#8217;han cruspit tot el ra\u00efm, bon\u00edssim!<\/p>\n<p>&nbsp;<\/p>\n<p><img decoding=\"async\" class=\"aligncenter\" src=\"https:\/\/agora.xtec.cat\/escolabacdecerdanya\/wp-content\/uploads\/usu1753\/2024\/03\/20240331_214446-COLLAGE-300x300.jpg\" \/><\/p>\n<p>&nbsp;<\/p>\n<p>&nbsp;<\/p>\n","protected":false},"excerpt":{"rendered":"<p>Els nens i nenes d&#8217;I4 han creat diferents figures geom\u00e8triques (triangles, quadrats, rectangles i cercles) utilitzant ra\u00efm i escuradents.<br \/>\nHa estat una activitat divertida i pr\u00e0ctica que refor\u00e7a l&#8217;aprenentatge de les formes geom\u00e8triques alhora que treballen en equip i desenvolupen habilitats manuals i espacials.<br \/>\nAl final de&hellip;  <a href=\"https:\/\/agora.xtec.cat\/escolabacdecerdanya\/general\/creem-figures-geometriques-amb-raim\/\" title=\"Read CREEM FIGURES GEOM\u00c8TRIQUES AMB RA\u00cfM\">Llegeix m\u00e9s\u00bb<\/a><\/p>\n","protected":false},"author":63,"featured_media":6673,"comment_status":"open","ping_status":"closed","sticky":false,"template":"","format":"standard","meta":{"_bbp_topic_count":0,"_bbp_reply_count":0,"_bbp_total_topic_count":0,"_bbp_total_reply_count":0,"_bbp_voice_count":0,"_bbp_anonymous_reply_count":0,"_bbp_topic_count_hidden":0,"_bbp_reply_count_hidden":0,"_bbp_forum_subforum_count":0,"footnotes":""},"categories":[103,1,8,4],"tags":[],"class_list":["post-6663","post","type-post","status-publish","format-standard","has-post-thumbnail","hentry","category-infantil-2","category-general","category-p4","category-portada"],"post_mailing_queue_ids":[],"_links":{"self":[{"href":"https:\/\/agora.xtec.cat\/escolabacdecerdanya\/wp-json\/wp\/v2\/posts\/6663","targetHints":{"allow":["GET"]}}],"collection":[{"href":"https:\/\/agora.xtec.cat\/escolabacdecerdanya\/wp-json\/wp\/v2\/posts"}],"about":[{"href":"https:\/\/agora.xtec.cat\/escolabacdecerdanya\/wp-json\/wp\/v2\/types\/post"}],"author":[{"embeddable":true,"href":"https:\/\/agora.xtec.cat\/escolabacdecerdanya\/wp-json\/wp\/v2\/users\/63"}],"replies":[{"embeddable":true,"href":"https:\/\/agora.xtec.cat\/escolabacdecerdanya\/wp-json\/wp\/v2\/comments?post=6663"}],"version-history":[{"count":6,"href":"https:\/\/agora.xtec.cat\/escolabacdecerdanya\/wp-json\/wp\/v2\/posts\/6663\/revisions"}],"predecessor-version":[{"id":6677,"href":"https:\/\/agora.xtec.cat\/escolabacdecerdanya\/wp-json\/wp\/v2\/posts\/6663\/revisions\/6677"}],"wp:featuredmedia":[{"embeddable":true,"href":"https:\/\/agora.xtec.cat\/escolabacdecerdanya\/wp-json\/wp\/v2\/media\/6673"}],"wp:attachment":[{"href":"https:\/\/agora.xtec.cat\/escolabacdecerdanya\/wp-json\/wp\/v2\/media?parent=6663"}],"wp:term":[{"taxonomy":"category","embeddable":true,"href":"https:\/\/agora.xtec.cat\/escolabacdecerdanya\/wp-json\/wp\/v2\/categories?post=6663"},{"taxonomy":"post_tag","embeddable":true,"href":"https:\/\/agora.xtec.cat\/escolabacdecerdanya\/wp-json\/wp\/v2\/tags?post=6663"}],"curies":[{"name":"wp","href":"https:\/\/api.w.org\/{rel}","templated":true}]}}