{"id":6612,"date":"2024-03-19T12:07:50","date_gmt":"2024-03-19T11:07:50","guid":{"rendered":"https:\/\/agora.xtec.cat\/escolabacdecerdanya\/?p=6612"},"modified":"2024-03-19T12:07:50","modified_gmt":"2024-03-19T11:07:50","slug":"exposicio-dobjectes-antics","status":"publish","type":"post","link":"https:\/\/agora.xtec.cat\/escolabacdecerdanya\/general\/exposicio-dobjectes-antics\/","title":{"rendered":"EXPOSICI\u00d3 D&#8217;OBJECTES ANTICS"},"content":{"rendered":"<p><a href=\"https:\/\/agora.xtec.cat\/escolabacdecerdanya\/wp-content\/uploads\/usu1753\/2024\/03\/IMG_20240319_114813-scaled.jpg\"><img loading=\"lazy\" decoding=\"async\" class=\" wp-image-6613\" src=\"https:\/\/agora.xtec.cat\/escolabacdecerdanya\/wp-content\/uploads\/usu1753\/2024\/03\/IMG_20240319_114813-300x166.jpg\" alt=\"\" width=\"501\" height=\"277\" srcset=\"https:\/\/agora.xtec.cat\/escolabacdecerdanya\/wp-content\/uploads\/usu1753\/2024\/03\/IMG_20240319_114813-300x166.jpg 300w, https:\/\/agora.xtec.cat\/escolabacdecerdanya\/wp-content\/uploads\/usu1753\/2024\/03\/IMG_20240319_114813-1024x566.jpg 1024w, https:\/\/agora.xtec.cat\/escolabacdecerdanya\/wp-content\/uploads\/usu1753\/2024\/03\/IMG_20240319_114813-768x424.jpg 768w, https:\/\/agora.xtec.cat\/escolabacdecerdanya\/wp-content\/uploads\/usu1753\/2024\/03\/IMG_20240319_114813-1536x849.jpg 1536w, https:\/\/agora.xtec.cat\/escolabacdecerdanya\/wp-content\/uploads\/usu1753\/2024\/03\/IMG_20240319_114813-2048x1131.jpg 2048w\" sizes=\"auto, (max-width: 501px) 100vw, 501px\" \/><\/a><\/p>\n<p><span style=\"font-weight: 400;\">A 4t hem estat treballant els canvis i les continu\u00eftats que hem viscut a la nostra comarca i societat al llarg del temps. Una bona manera de fer aquest treball \u00e9s a partir de les fonts patrimonials i d\u2019objectes antics que les persones hem conservat: la llanterna de petaca de l\u2019avi, els disquets de quan el pare estudiava angl\u00e8s, les olles de foc a terra de la tieta \u00e0via, les eines del camp del padr\u00ed\u2026 n\u2019hem observat i analitzat una bona col\u00b7lecci\u00f3!<\/span><\/p>\n<p><span style=\"font-weight: 400;\">Finalment, amb tot el que hem apr\u00e8s hem fet una exposici\u00f3 per donar-ho a con\u00e8ixer a altres nens i nenes de l\u2019escola i tamb\u00e9 a les fam\u00edlies. Ha estat un projecte molt interessant i ens ho hem passat molt b\u00e9!<\/span><\/p>\n<p><span style=\"font-weight: 400;\">Si feu clic a <a href=\"https:\/\/drive.google.com\/drive\/folders\/157hvpA1CZf0iuPtWHogVgG39T4eJMCsu?usp=drive_link\">aquest enlla\u00e7<\/a> podreu anar a la carpeta d\u2019imatges que hem fet.<\/span><\/p>\n","protected":false},"excerpt":{"rendered":"<p><a href=\"https:\/\/agora.xtec.cat\/escolabacdecerdanya\/wp-content\/uploads\/usu1753\/2024\/03\/IMG_20240319_114813-scaled.jpg\"><\/a><br \/>\nA 4t hem estat treballant els canvis i les continu\u00eftats que hem viscut a la nostra comarca i societat al llarg del temps. Una bona manera de fer aquest treball \u00e9s a partir de les fonts patrimonials i d\u2019objectes antics que les persones hem&hellip;  <a href=\"https:\/\/agora.xtec.cat\/escolabacdecerdanya\/general\/exposicio-dobjectes-antics\/\" title=\"Read EXPOSICI\u00d3 D&#8217;OBJECTES ANTICS\">Llegeix m\u00e9s\u00bb<\/a><\/p>\n","protected":false},"author":59,"featured_media":6613,"comment_status":"open","ping_status":"closed","sticky":false,"template":"","format":"standard","meta":{"_bbp_topic_count":0,"_bbp_reply_count":0,"_bbp_total_topic_count":0,"_bbp_total_reply_count":0,"_bbp_voice_count":0,"_bbp_anonymous_reply_count":0,"_bbp_topic_count_hidden":0,"_bbp_reply_count_hidden":0,"_bbp_forum_subforum_count":0,"footnotes":""},"categories":[12,13,105,242,1,4],"tags":[],"class_list":["post-6612","post","type-post","status-publish","format-standard","has-post-thumbnail","hentry","category-3r","category-4t","category-mitja","category-ft-cicle-mitja","category-general","category-portada"],"post_mailing_queue_ids":[],"_links":{"self":[{"href":"https:\/\/agora.xtec.cat\/escolabacdecerdanya\/wp-json\/wp\/v2\/posts\/6612","targetHints":{"allow":["GET"]}}],"collection":[{"href":"https:\/\/agora.xtec.cat\/escolabacdecerdanya\/wp-json\/wp\/v2\/posts"}],"about":[{"href":"https:\/\/agora.xtec.cat\/escolabacdecerdanya\/wp-json\/wp\/v2\/types\/post"}],"author":[{"embeddable":true,"href":"https:\/\/agora.xtec.cat\/escolabacdecerdanya\/wp-json\/wp\/v2\/users\/59"}],"replies":[{"embeddable":true,"href":"https:\/\/agora.xtec.cat\/escolabacdecerdanya\/wp-json\/wp\/v2\/comments?post=6612"}],"version-history":[{"count":1,"href":"https:\/\/agora.xtec.cat\/escolabacdecerdanya\/wp-json\/wp\/v2\/posts\/6612\/revisions"}],"predecessor-version":[{"id":6614,"href":"https:\/\/agora.xtec.cat\/escolabacdecerdanya\/wp-json\/wp\/v2\/posts\/6612\/revisions\/6614"}],"wp:featuredmedia":[{"embeddable":true,"href":"https:\/\/agora.xtec.cat\/escolabacdecerdanya\/wp-json\/wp\/v2\/media\/6613"}],"wp:attachment":[{"href":"https:\/\/agora.xtec.cat\/escolabacdecerdanya\/wp-json\/wp\/v2\/media?parent=6612"}],"wp:term":[{"taxonomy":"category","embeddable":true,"href":"https:\/\/agora.xtec.cat\/escolabacdecerdanya\/wp-json\/wp\/v2\/categories?post=6612"},{"taxonomy":"post_tag","embeddable":true,"href":"https:\/\/agora.xtec.cat\/escolabacdecerdanya\/wp-json\/wp\/v2\/tags?post=6612"}],"curies":[{"name":"wp","href":"https:\/\/api.w.org\/{rel}","templated":true}]}}