{"id":6524,"date":"2024-02-14T21:05:12","date_gmt":"2024-02-14T20:05:12","guid":{"rendered":"https:\/\/agora.xtec.cat\/escolabacdecerdanya\/?p=6524"},"modified":"2024-02-15T13:47:57","modified_gmt":"2024-02-15T12:47:57","slug":"dimecres-de-cendra-4","status":"publish","type":"post","link":"https:\/\/agora.xtec.cat\/escolabacdecerdanya\/general\/dimecres-de-cendra-4\/","title":{"rendered":"DIMECRES DE CENDRA"},"content":{"rendered":"<p><img loading=\"lazy\" decoding=\"async\" class=\"alignleft\" src=\"https:\/\/agora.xtec.cat\/ceipcassiacostal\/wp-content\/uploads\/usu719\/2016\/03\/m%C3%A0scares-carnaval-pintat.jpg\" alt=\"m\u00e0scares-carnaval-pintat | Escola Cassi\u00e0 Costal\" width=\"58\" height=\"72\" \/>Avui acaba el Carnaval i comen\u00e7a la Quaresma. \u00c9s dia de reflexi\u00f3 i del judici final per aix\u00f2 hem vinguts tots vestits de color negre. Els alumnes de cicle superior han teatralitzat aquetsa escena i han decidit indultar el Bacsaurius i no cremar-lo en agra\u00efment a la feina feta per les monitores del menjador.<\/p>\n<p>En el seu lloc hem cremat caixes i papers i els alumnes de 6\u00e8 han pogut saltar la foguera en finalitzar el proc\u00e9s, tal com mana la tradici\u00f3 del Bac de Cerdanya.<\/p>\n<p>En acabar, hem berenat al pati tots junts i hem donat per acabada la festa del Carnaval. Fins l&#8217;any que ve!<\/p>\n<p>Si cliqueu la imatge accedireu a l&#8217;\u00e0lbum de fotos<\/p>\n<p><a href=\"https:\/\/drive.google.com\/drive\/folders\/1OHB79EUcIHhhOcc_llWoY1NVWq2QvfuL?usp=drive_link\"><img loading=\"lazy\" decoding=\"async\" class=\"aligncenter wp-image-6526 size-medium\" src=\"https:\/\/agora.xtec.cat\/escolabacdecerdanya\/wp-content\/uploads\/usu1753\/2024\/02\/20240214_155354-1-300x169.jpg\" alt=\"\" width=\"300\" height=\"169\" srcset=\"https:\/\/agora.xtec.cat\/escolabacdecerdanya\/wp-content\/uploads\/usu1753\/2024\/02\/20240214_155354-1-300x169.jpg 300w, https:\/\/agora.xtec.cat\/escolabacdecerdanya\/wp-content\/uploads\/usu1753\/2024\/02\/20240214_155354-1-1024x576.jpg 1024w, https:\/\/agora.xtec.cat\/escolabacdecerdanya\/wp-content\/uploads\/usu1753\/2024\/02\/20240214_155354-1-768x432.jpg 768w, https:\/\/agora.xtec.cat\/escolabacdecerdanya\/wp-content\/uploads\/usu1753\/2024\/02\/20240214_155354-1-1536x864.jpg 1536w, https:\/\/agora.xtec.cat\/escolabacdecerdanya\/wp-content\/uploads\/usu1753\/2024\/02\/20240214_155354-1-2048x1152.jpg 2048w\" sizes=\"auto, (max-width: 300px) 100vw, 300px\" \/><\/a><\/p>\n<p>&nbsp;<\/p>\n<p>&nbsp;<\/p>\n","protected":false},"excerpt":{"rendered":"<p>Avui acaba el Carnaval i comen\u00e7a la Quaresma. \u00c9s dia de reflexi\u00f3 i del judici final per aix\u00f2 hem vinguts tots vestits de color negre. Els alumnes de cicle superior han teatralitzat aquetsa escena i han decidit indultar el Bacsaurius i no cremar-lo en agra\u00efment&hellip;  <a href=\"https:\/\/agora.xtec.cat\/escolabacdecerdanya\/general\/dimecres-de-cendra-4\/\" title=\"Read DIMECRES DE CENDRA\">Llegeix m\u00e9s\u00bb<\/a><\/p>\n","protected":false},"author":32,"featured_media":6526,"comment_status":"open","ping_status":"closed","sticky":false,"template":"","format":"standard","meta":{"_bbp_topic_count":0,"_bbp_reply_count":0,"_bbp_total_topic_count":0,"_bbp_total_reply_count":0,"_bbp_voice_count":0,"_bbp_anonymous_reply_count":0,"_bbp_topic_count_hidden":0,"_bbp_reply_count_hidden":0,"_bbp_forum_subforum_count":0,"footnotes":""},"categories":[10,11,12,13,14,15,239,65,240,104,105,76,103,161,243,242,241,1,61,3,8,9,4],"tags":[],"class_list":["post-6524","post","type-post","status-publish","format-standard","has-post-thumbnail","hentry","category-1r","category-2n","category-3r","category-4t","category-5e","category-6e","category-album-de-fotos","category-carnestoltes","category-cicle-inicial","category-inicial","category-mitja","category-cicle-superior","category-infantil-2","category-festes","category-ft-cicle-inicial","category-ft-cicle-mitja","category-ft-cicle-superior","category-general","category-novetats","category-p3","category-p4","category-p5","category-portada"],"post_mailing_queue_ids":[],"_links":{"self":[{"href":"https:\/\/agora.xtec.cat\/escolabacdecerdanya\/wp-json\/wp\/v2\/posts\/6524","targetHints":{"allow":["GET"]}}],"collection":[{"href":"https:\/\/agora.xtec.cat\/escolabacdecerdanya\/wp-json\/wp\/v2\/posts"}],"about":[{"href":"https:\/\/agora.xtec.cat\/escolabacdecerdanya\/wp-json\/wp\/v2\/types\/post"}],"author":[{"embeddable":true,"href":"https:\/\/agora.xtec.cat\/escolabacdecerdanya\/wp-json\/wp\/v2\/users\/32"}],"replies":[{"embeddable":true,"href":"https:\/\/agora.xtec.cat\/escolabacdecerdanya\/wp-json\/wp\/v2\/comments?post=6524"}],"version-history":[{"count":5,"href":"https:\/\/agora.xtec.cat\/escolabacdecerdanya\/wp-json\/wp\/v2\/posts\/6524\/revisions"}],"predecessor-version":[{"id":6534,"href":"https:\/\/agora.xtec.cat\/escolabacdecerdanya\/wp-json\/wp\/v2\/posts\/6524\/revisions\/6534"}],"wp:featuredmedia":[{"embeddable":true,"href":"https:\/\/agora.xtec.cat\/escolabacdecerdanya\/wp-json\/wp\/v2\/media\/6526"}],"wp:attachment":[{"href":"https:\/\/agora.xtec.cat\/escolabacdecerdanya\/wp-json\/wp\/v2\/media?parent=6524"}],"wp:term":[{"taxonomy":"category","embeddable":true,"href":"https:\/\/agora.xtec.cat\/escolabacdecerdanya\/wp-json\/wp\/v2\/categories?post=6524"},{"taxonomy":"post_tag","embeddable":true,"href":"https:\/\/agora.xtec.cat\/escolabacdecerdanya\/wp-json\/wp\/v2\/tags?post=6524"}],"curies":[{"name":"wp","href":"https:\/\/api.w.org\/{rel}","templated":true}]}}