{"id":6497,"date":"2024-02-09T20:30:37","date_gmt":"2024-02-09T19:30:37","guid":{"rendered":"https:\/\/agora.xtec.cat\/escolabacdecerdanya\/?p=6497"},"modified":"2024-02-09T20:30:37","modified_gmt":"2024-02-09T19:30:37","slug":"la-rua-la-rostita-i-la-desfilada-de-disfresses","status":"publish","type":"post","link":"https:\/\/agora.xtec.cat\/escolabacdecerdanya\/general\/la-rua-la-rostita-i-la-desfilada-de-disfresses\/","title":{"rendered":"LA RUA, LA ROSTITA I LA DESFILADA DE DISFRESSES"},"content":{"rendered":"<p>Aquest any, cada curs s&#8217;ha disfressat d&#8217;un tipus de dinosaure diferent. El motiu ha sigut que es volia continuar amb la tem\u00e0tica de la setmana cultural. <span style=\"font-family: inherit; font-size: 1em;\">Les disfresses fetes per les i els mestres conjuntament amb els alumnes han quedat d&#8217;all\u00f2 m\u00e9s originals. Hi havia pterod\u00e0ctils, parasaurolophus, triceratops, velociraptors,&#8230;<\/span><\/p>\n<p>Aquest dijous i per celebrar dijous gras hem sortit al carrer a fer una rua i a l&#8217;hora llu\u00efr les disfresses. A m\u00e9s a m\u00e9s, hem demanat rostita (ous, cansalada, botifarra,&#8230;) a la gent del poble i a l&#8217;ajuntament tot fent una bonica cantarella. La gent ha col\u00b7laborat molt i ens ho hem passat d&#8217;all\u00f2 m\u00e9s b\u00e9. La rua l&#8217;encap\u00e7alava la nostra estimada gegantona &#8220;La Rostita&#8221; i el seu amic el Baciosaurus.<\/p>\n<p>Per tancar la festa, cada curs ha fet una desfilada al gimn\u00e0s de l&#8217;escola per tal de mostrar la disfressa a la resta de cursos i a les fam\u00edlies que han vingut a la festa. Finalment, hem berenat tot junts i hem despedit la festa fins l&#8217;any que v\u00e9.<\/p>\n<p>Si cliqueu la imatge anireu a l&#8217;\u00e0lbum de la festa.<\/p>\n<p><a href=\"https:\/\/drive.google.com\/drive\/folders\/1OHB79EUcIHhhOcc_llWoY1NVWq2QvfuL?usp=drive_link\"><img loading=\"lazy\" decoding=\"async\" class=\"aligncenter wp-image-6499 size-medium\" src=\"https:\/\/agora.xtec.cat\/escolabacdecerdanya\/wp-content\/uploads\/usu1753\/2024\/02\/20240131_142446-1-169x300.jpg\" alt=\"\" width=\"169\" height=\"300\" srcset=\"https:\/\/agora.xtec.cat\/escolabacdecerdanya\/wp-content\/uploads\/usu1753\/2024\/02\/20240131_142446-1-169x300.jpg 169w, https:\/\/agora.xtec.cat\/escolabacdecerdanya\/wp-content\/uploads\/usu1753\/2024\/02\/20240131_142446-1-576x1024.jpg 576w, https:\/\/agora.xtec.cat\/escolabacdecerdanya\/wp-content\/uploads\/usu1753\/2024\/02\/20240131_142446-1-768x1365.jpg 768w, https:\/\/agora.xtec.cat\/escolabacdecerdanya\/wp-content\/uploads\/usu1753\/2024\/02\/20240131_142446-1-864x1536.jpg 864w, https:\/\/agora.xtec.cat\/escolabacdecerdanya\/wp-content\/uploads\/usu1753\/2024\/02\/20240131_142446-1-1152x2048.jpg 1152w, https:\/\/agora.xtec.cat\/escolabacdecerdanya\/wp-content\/uploads\/usu1753\/2024\/02\/20240131_142446-1-scaled.jpg 1440w\" sizes=\"auto, (max-width: 169px) 100vw, 169px\" \/><\/a><\/p>\n<p>&nbsp;<\/p>\n<p>&nbsp;<\/p>\n<p>&nbsp;<\/p>\n","protected":false},"excerpt":{"rendered":"<p>Aquest any, cada curs s&#8217;ha disfressat d&#8217;un tipus de dinosaure diferent. El motiu ha sigut que es volia continuar amb la tem\u00e0tica de la setmana cultural. Les disfresses fetes per les i els mestres conjuntament amb els alumnes han quedat d&#8217;all\u00f2 m\u00e9s originals. Hi havia&hellip;  <a href=\"https:\/\/agora.xtec.cat\/escolabacdecerdanya\/general\/la-rua-la-rostita-i-la-desfilada-de-disfresses\/\" title=\"Read LA RUA, LA ROSTITA I LA DESFILADA DE DISFRESSES\">Llegeix m\u00e9s\u00bb<\/a><\/p>\n","protected":false},"author":6,"featured_media":6499,"comment_status":"open","ping_status":"closed","sticky":false,"template":"","format":"standard","meta":{"_bbp_topic_count":0,"_bbp_reply_count":0,"_bbp_total_topic_count":0,"_bbp_total_reply_count":0,"_bbp_voice_count":0,"_bbp_anonymous_reply_count":0,"_bbp_topic_count_hidden":0,"_bbp_reply_count_hidden":0,"_bbp_forum_subforum_count":0,"footnotes":""},"categories":[10,11,12,13,14,15,239,65,240,104,105,76,103,161,243,242,241,1,61,3,8,9,4],"tags":[],"class_list":["post-6497","post","type-post","status-publish","format-standard","has-post-thumbnail","hentry","category-1r","category-2n","category-3r","category-4t","category-5e","category-6e","category-album-de-fotos","category-carnestoltes","category-cicle-inicial","category-inicial","category-mitja","category-cicle-superior","category-infantil-2","category-festes","category-ft-cicle-inicial","category-ft-cicle-mitja","category-ft-cicle-superior","category-general","category-novetats","category-p3","category-p4","category-p5","category-portada"],"post_mailing_queue_ids":[],"_links":{"self":[{"href":"https:\/\/agora.xtec.cat\/escolabacdecerdanya\/wp-json\/wp\/v2\/posts\/6497","targetHints":{"allow":["GET"]}}],"collection":[{"href":"https:\/\/agora.xtec.cat\/escolabacdecerdanya\/wp-json\/wp\/v2\/posts"}],"about":[{"href":"https:\/\/agora.xtec.cat\/escolabacdecerdanya\/wp-json\/wp\/v2\/types\/post"}],"author":[{"embeddable":true,"href":"https:\/\/agora.xtec.cat\/escolabacdecerdanya\/wp-json\/wp\/v2\/users\/6"}],"replies":[{"embeddable":true,"href":"https:\/\/agora.xtec.cat\/escolabacdecerdanya\/wp-json\/wp\/v2\/comments?post=6497"}],"version-history":[{"count":1,"href":"https:\/\/agora.xtec.cat\/escolabacdecerdanya\/wp-json\/wp\/v2\/posts\/6497\/revisions"}],"predecessor-version":[{"id":6500,"href":"https:\/\/agora.xtec.cat\/escolabacdecerdanya\/wp-json\/wp\/v2\/posts\/6497\/revisions\/6500"}],"wp:featuredmedia":[{"embeddable":true,"href":"https:\/\/agora.xtec.cat\/escolabacdecerdanya\/wp-json\/wp\/v2\/media\/6499"}],"wp:attachment":[{"href":"https:\/\/agora.xtec.cat\/escolabacdecerdanya\/wp-json\/wp\/v2\/media?parent=6497"}],"wp:term":[{"taxonomy":"category","embeddable":true,"href":"https:\/\/agora.xtec.cat\/escolabacdecerdanya\/wp-json\/wp\/v2\/categories?post=6497"},{"taxonomy":"post_tag","embeddable":true,"href":"https:\/\/agora.xtec.cat\/escolabacdecerdanya\/wp-json\/wp\/v2\/tags?post=6497"}],"curies":[{"name":"wp","href":"https:\/\/api.w.org\/{rel}","templated":true}]}}