{"id":6484,"date":"2024-02-02T16:30:14","date_gmt":"2024-02-02T15:30:14","guid":{"rendered":"https:\/\/agora.xtec.cat\/escolabacdecerdanya\/?p=6484"},"modified":"2024-02-02T11:42:40","modified_gmt":"2024-02-02T10:42:40","slug":"la-chandeleur-2-fevrier-3r","status":"publish","type":"post","link":"https:\/\/agora.xtec.cat\/escolabacdecerdanya\/general\/la-chandeleur-2-fevrier-3r\/","title":{"rendered":"LA CHANDELEUR 2 F\u00c9VRIER (3R)"},"content":{"rendered":"<p>Aprofitant la festivitat francesa del 2 de febrer, <em><strong>la Chandeleur<\/strong><\/em>, hem creat<strong><em> cr\u00eapes<\/em><\/strong> a classe. Per\u00f2 creps de veritat no, sin\u00f3 el nostre disseny de <em><strong>cr\u00eape.\u00a0<\/strong><\/em>Hem muntat la nostra <em><strong>pochette,\u00a0<\/strong><\/em>hem parlat dels nostres gustos en relaci\u00f3 a les cr\u00eapes i hem dibuixat la nostra cr\u00eape preferida. Mmmmmm quina gana! <img loading=\"lazy\" decoding=\"async\" class=\"\" src=\"https:\/\/www.hogarmania.com\/archivos\/201905\/crepes-chocolate-receta-facil-668x400x80xX.jpg\" alt=\"Receta de crepes caseros \u00a1masa muy f\u00e1cil y r\u00e1pida!\" width=\"122\" height=\"73\" \/><\/p>\n<p><a href=\"https:\/\/drive.google.com\/drive\/folders\/1NBKiVc9MXKccEZ5sx5C7O8ybNLn-BIzK?usp=drive_link\"><img loading=\"lazy\" decoding=\"async\" class=\"aligncenter wp-image-6485 size-medium\" src=\"https:\/\/agora.xtec.cat\/escolabacdecerdanya\/wp-content\/uploads\/usu1753\/2024\/02\/20240130_123911-300x178.jpg\" alt=\"\" width=\"300\" height=\"178\" srcset=\"https:\/\/agora.xtec.cat\/escolabacdecerdanya\/wp-content\/uploads\/usu1753\/2024\/02\/20240130_123911-300x178.jpg 300w, https:\/\/agora.xtec.cat\/escolabacdecerdanya\/wp-content\/uploads\/usu1753\/2024\/02\/20240130_123911-1024x609.jpg 1024w, https:\/\/agora.xtec.cat\/escolabacdecerdanya\/wp-content\/uploads\/usu1753\/2024\/02\/20240130_123911-768x457.jpg 768w, https:\/\/agora.xtec.cat\/escolabacdecerdanya\/wp-content\/uploads\/usu1753\/2024\/02\/20240130_123911-1536x914.jpg 1536w, https:\/\/agora.xtec.cat\/escolabacdecerdanya\/wp-content\/uploads\/usu1753\/2024\/02\/20240130_123911-2048x1218.jpg 2048w\" sizes=\"auto, (max-width: 300px) 100vw, 300px\" \/><\/a><\/p>\n<p>&nbsp;<\/p>\n<p>&nbsp;<\/p>\n","protected":false},"excerpt":{"rendered":"<p>Aprofitant la festivitat francesa del 2 de febrer, la Chandeleur, hem creat cr\u00eapes a classe. Per\u00f2 creps de veritat no, sin\u00f3 el nostre disseny de cr\u00eape.\u00a0Hem muntat la nostra pochette,\u00a0hem parlat dels nostres gustos en relaci\u00f3 a les cr\u00eapes i hem dibuixat la nostra cr\u00eape&hellip;  <a href=\"https:\/\/agora.xtec.cat\/escolabacdecerdanya\/general\/la-chandeleur-2-fevrier-3r\/\" title=\"Read LA CHANDELEUR 2 F\u00c9VRIER (3R)\">Llegeix m\u00e9s\u00bb<\/a><\/p>\n","protected":false},"author":6,"featured_media":6485,"comment_status":"open","ping_status":"closed","sticky":false,"template":"","format":"standard","meta":{"_bbp_topic_count":0,"_bbp_reply_count":0,"_bbp_total_topic_count":0,"_bbp_total_reply_count":0,"_bbp_voice_count":0,"_bbp_anonymous_reply_count":0,"_bbp_topic_count_hidden":0,"_bbp_reply_count_hidden":0,"_bbp_forum_subforum_count":0,"footnotes":""},"categories":[12,239,105,156,242,1,162,61,4],"tags":[],"class_list":["post-6484","post","type-post","status-publish","format-standard","has-post-thumbnail","hentry","category-3r","category-album-de-fotos","category-mitja","category-francais","category-ft-cicle-mitja","category-general","category-llengues-estrangeres","category-novetats","category-portada"],"post_mailing_queue_ids":[],"_links":{"self":[{"href":"https:\/\/agora.xtec.cat\/escolabacdecerdanya\/wp-json\/wp\/v2\/posts\/6484","targetHints":{"allow":["GET"]}}],"collection":[{"href":"https:\/\/agora.xtec.cat\/escolabacdecerdanya\/wp-json\/wp\/v2\/posts"}],"about":[{"href":"https:\/\/agora.xtec.cat\/escolabacdecerdanya\/wp-json\/wp\/v2\/types\/post"}],"author":[{"embeddable":true,"href":"https:\/\/agora.xtec.cat\/escolabacdecerdanya\/wp-json\/wp\/v2\/users\/6"}],"replies":[{"embeddable":true,"href":"https:\/\/agora.xtec.cat\/escolabacdecerdanya\/wp-json\/wp\/v2\/comments?post=6484"}],"version-history":[{"count":2,"href":"https:\/\/agora.xtec.cat\/escolabacdecerdanya\/wp-json\/wp\/v2\/posts\/6484\/revisions"}],"predecessor-version":[{"id":6487,"href":"https:\/\/agora.xtec.cat\/escolabacdecerdanya\/wp-json\/wp\/v2\/posts\/6484\/revisions\/6487"}],"wp:featuredmedia":[{"embeddable":true,"href":"https:\/\/agora.xtec.cat\/escolabacdecerdanya\/wp-json\/wp\/v2\/media\/6485"}],"wp:attachment":[{"href":"https:\/\/agora.xtec.cat\/escolabacdecerdanya\/wp-json\/wp\/v2\/media?parent=6484"}],"wp:term":[{"taxonomy":"category","embeddable":true,"href":"https:\/\/agora.xtec.cat\/escolabacdecerdanya\/wp-json\/wp\/v2\/categories?post=6484"},{"taxonomy":"post_tag","embeddable":true,"href":"https:\/\/agora.xtec.cat\/escolabacdecerdanya\/wp-json\/wp\/v2\/tags?post=6484"}],"curies":[{"name":"wp","href":"https:\/\/api.w.org\/{rel}","templated":true}]}}