{"id":6475,"date":"2024-02-02T17:00:50","date_gmt":"2024-02-02T16:00:50","guid":{"rendered":"https:\/\/agora.xtec.cat\/escolabacdecerdanya\/?p=6475"},"modified":"2024-02-02T11:10:29","modified_gmt":"2024-02-02T10:10:29","slug":"projet-de-francais-cs","status":"publish","type":"post","link":"https:\/\/agora.xtec.cat\/escolabacdecerdanya\/general\/projet-de-francais-cs\/","title":{"rendered":"PROJET DE FRAN\u00c7AIS: CS"},"content":{"rendered":"<p>Els alumnes de 6\u00e8 s&#8217;han fet, entre ells, un <strong><em>sondage sur les m\u00e9dias <\/em><\/strong>(enquesta sobre els mitjans de comunicaci\u00f3). S&#8217;han fet preguntes sobre els seus h\u00e0bits en relaci\u00f3 amb la televisi\u00f3, Internet, la r\u00e0dio, video-jocs,&#8230; Hem apr\u00e8s a utilitzar <strong>adverbis de freq\u00fc\u00e8ncia<\/strong>: toujours, souvent, parfois, jamais,&#8230; i a <strong>conjugar verbs com<em> lire, \u00e9crire, regarder,&#8230;<\/em>en present<\/strong><\/p>\n<p>Per fer-ho m\u00e9s divertit hem utilitzat un <strong>micr\u00f2fon<\/strong> que augmenta el volum de veu o la modula. <img loading=\"lazy\" decoding=\"async\" class=\"\" src=\"https:\/\/storage.googleapis.com\/catalog-pictures-carrefour-es\/catalog\/pictures\/hd_510x_\/8445045008550_1.jpg\" alt=\"Karaoke Microfono Bluetooth Inalambrico con Ofertas en Carrefour | Ofertas Carrefour Online\" width=\"72\" height=\"72\" \/><\/p>\n<p>Si voleu veure m\u00e9s fotografies cliqueu la imatge<a href=\"https:\/\/drive.google.com\/drive\/folders\/1JoldjsZQIpPJ4X1h-edPZETEBU-MJIHd?usp=drive_link\"><br \/>\n<img loading=\"lazy\" decoding=\"async\" class=\"aligncenter wp-image-6476 size-medium\" src=\"https:\/\/agora.xtec.cat\/escolabacdecerdanya\/wp-content\/uploads\/usu1753\/2024\/02\/20240130_104515-1-300x169.jpg\" alt=\"\" width=\"300\" height=\"169\" srcset=\"https:\/\/agora.xtec.cat\/escolabacdecerdanya\/wp-content\/uploads\/usu1753\/2024\/02\/20240130_104515-1-300x169.jpg 300w, https:\/\/agora.xtec.cat\/escolabacdecerdanya\/wp-content\/uploads\/usu1753\/2024\/02\/20240130_104515-1-1024x576.jpg 1024w, https:\/\/agora.xtec.cat\/escolabacdecerdanya\/wp-content\/uploads\/usu1753\/2024\/02\/20240130_104515-1-768x432.jpg 768w, https:\/\/agora.xtec.cat\/escolabacdecerdanya\/wp-content\/uploads\/usu1753\/2024\/02\/20240130_104515-1-1536x864.jpg 1536w, https:\/\/agora.xtec.cat\/escolabacdecerdanya\/wp-content\/uploads\/usu1753\/2024\/02\/20240130_104515-1-2048x1152.jpg 2048w\" sizes=\"auto, (max-width: 300px) 100vw, 300px\" \/><\/a><\/p>\n<p>Els alumnes de 5\u00e8, ja que estan treballant les <strong><em>indications et les b\u00e2timents<\/em><\/strong> (les indicacions i els edificis), hem aprofitat un projecte creat per Noelia Tom\u00e1s (<em>&#8220;Franc\u00e9s hasta en la sopa&#8221;<\/em>) <span style=\"font-family: inherit; font-size: 1em;\">sobre la ciutat de <\/span><strong style=\"font-family: inherit; font-size: 1em;\">Lyon.<\/strong><\/p>\n<p>Han hagut de crear un <strong>mapa pel Talebot<\/strong> (el nou robot de l&#8217;escola) on aparegu\u00e9ssin 5 llocs d&#8217;inter\u00e8s de<\/p>\n<p style=\"font-family: 'Helvetica Neue', Helvetica, Helvetica, Arial, sans-serif; font-size: 16px;\"><img loading=\"lazy\" decoding=\"async\" class=\"aligncenter\" src=\"https:\/\/projectes.xtec.cat\/pensament-computacional\/wp-content\/uploads\/usu2217\/2023\/09\/talebotpro.jpg\" alt=\"Tale-Bot Pro \u2013 Pensament computacional\" width=\"99\" height=\"81\" \/><\/p>\n<p>\u00a0l&#8217;<strong><em>arrondissement<\/em><\/strong> de Lyon que van triar pr\u00e8viament. Un cop fet han hagut de crear <strong>targes amb les indicacio<\/strong><strong>ns<\/strong> b\u00e0sqiues per arribar a c<span style=\"font-family: inherit; font-size: 1em;\">ada lloc i finalment hem <\/span><strong style=\"font-family: inherit; font-size: 1em;\">jugat<\/strong><span style=\"font-family: inherit; font-size: 1em;\"> amb els Talebots <\/span><strong style=\"font-family: inherit; font-size: 1em;\">canviant-nos el mapa<\/strong><span style=\"font-family: inherit; font-size: 1em;\"> i <\/span><strong style=\"font-family: inherit; font-size: 1em;\">descobrint nous llo<\/strong><strong style=\"font-family: inherit; font-size: 1em;\">cs<\/strong><span style=\"font-family: inherit; font-size: 1em;\"> d&#8217;aques<\/span><span style=\"font-family: inherit; font-size: 1em;\">ta gran ciutat.<\/span><\/p>\n<p>Si voleu veure m\u00e9s fotografies cliqueu la imatge<\/p>\n<p>&nbsp;<\/p>\n<p><a href=\"https:\/\/drive.google.com\/drive\/folders\/1Km7rmv-jEa0T46t_eN9EHTzstE6Wamuh?usp=drive_link\"><img loading=\"lazy\" decoding=\"async\" class=\"aligncenter wp-image-6479 size-medium\" src=\"https:\/\/agora.xtec.cat\/escolabacdecerdanya\/wp-content\/uploads\/usu1753\/2024\/02\/20240130_104548-1-300x169.jpg\" alt=\"\" width=\"300\" height=\"169\" srcset=\"https:\/\/agora.xtec.cat\/escolabacdecerdanya\/wp-content\/uploads\/usu1753\/2024\/02\/20240130_104548-1-300x169.jpg 300w, https:\/\/agora.xtec.cat\/escolabacdecerdanya\/wp-content\/uploads\/usu1753\/2024\/02\/20240130_104548-1-1024x576.jpg 1024w, https:\/\/agora.xtec.cat\/escolabacdecerdanya\/wp-content\/uploads\/usu1753\/2024\/02\/20240130_104548-1-768x432.jpg 768w, https:\/\/agora.xtec.cat\/escolabacdecerdanya\/wp-content\/uploads\/usu1753\/2024\/02\/20240130_104548-1-1536x864.jpg 1536w, https:\/\/agora.xtec.cat\/escolabacdecerdanya\/wp-content\/uploads\/usu1753\/2024\/02\/20240130_104548-1-2048x1152.jpg 2048w\" sizes=\"auto, (max-width: 300px) 100vw, 300px\" \/><\/a><\/p>\n","protected":false},"excerpt":{"rendered":"<p>Els alumnes de 6\u00e8 s&#8217;han fet, entre ells, un sondage sur les m\u00e9dias (enquesta sobre els mitjans de comunicaci\u00f3). S&#8217;han fet preguntes sobre els seus h\u00e0bits en relaci\u00f3 amb la televisi\u00f3, Internet, la r\u00e0dio, video-jocs,&#8230; Hem apr\u00e8s a utilitzar adverbis de freq\u00fc\u00e8ncia: toujours, souvent, parfois,&hellip;  <a href=\"https:\/\/agora.xtec.cat\/escolabacdecerdanya\/general\/projet-de-francais-cs\/\" title=\"Read PROJET DE FRAN\u00c7AIS: CS\">Llegeix m\u00e9s\u00bb<\/a><\/p>\n","protected":false},"author":6,"featured_media":6476,"comment_status":"open","ping_status":"closed","sticky":false,"template":"","format":"standard","meta":{"_bbp_topic_count":0,"_bbp_reply_count":0,"_bbp_total_topic_count":0,"_bbp_total_reply_count":0,"_bbp_voice_count":0,"_bbp_anonymous_reply_count":0,"_bbp_topic_count_hidden":0,"_bbp_reply_count_hidden":0,"_bbp_forum_subforum_count":0,"footnotes":""},"categories":[14,15,239,76,156,241,1,162,61,4],"tags":[],"class_list":["post-6475","post","type-post","status-publish","format-standard","has-post-thumbnail","hentry","category-5e","category-6e","category-album-de-fotos","category-cicle-superior","category-francais","category-ft-cicle-superior","category-general","category-llengues-estrangeres","category-novetats","category-portada"],"post_mailing_queue_ids":[],"_links":{"self":[{"href":"https:\/\/agora.xtec.cat\/escolabacdecerdanya\/wp-json\/wp\/v2\/posts\/6475","targetHints":{"allow":["GET"]}}],"collection":[{"href":"https:\/\/agora.xtec.cat\/escolabacdecerdanya\/wp-json\/wp\/v2\/posts"}],"about":[{"href":"https:\/\/agora.xtec.cat\/escolabacdecerdanya\/wp-json\/wp\/v2\/types\/post"}],"author":[{"embeddable":true,"href":"https:\/\/agora.xtec.cat\/escolabacdecerdanya\/wp-json\/wp\/v2\/users\/6"}],"replies":[{"embeddable":true,"href":"https:\/\/agora.xtec.cat\/escolabacdecerdanya\/wp-json\/wp\/v2\/comments?post=6475"}],"version-history":[{"count":3,"href":"https:\/\/agora.xtec.cat\/escolabacdecerdanya\/wp-json\/wp\/v2\/posts\/6475\/revisions"}],"predecessor-version":[{"id":6478,"href":"https:\/\/agora.xtec.cat\/escolabacdecerdanya\/wp-json\/wp\/v2\/posts\/6475\/revisions\/6478"}],"wp:featuredmedia":[{"embeddable":true,"href":"https:\/\/agora.xtec.cat\/escolabacdecerdanya\/wp-json\/wp\/v2\/media\/6476"}],"wp:attachment":[{"href":"https:\/\/agora.xtec.cat\/escolabacdecerdanya\/wp-json\/wp\/v2\/media?parent=6475"}],"wp:term":[{"taxonomy":"category","embeddable":true,"href":"https:\/\/agora.xtec.cat\/escolabacdecerdanya\/wp-json\/wp\/v2\/categories?post=6475"},{"taxonomy":"post_tag","embeddable":true,"href":"https:\/\/agora.xtec.cat\/escolabacdecerdanya\/wp-json\/wp\/v2\/tags?post=6475"}],"curies":[{"name":"wp","href":"https:\/\/api.w.org\/{rel}","templated":true}]}}