{"id":6430,"date":"2024-01-11T16:48:32","date_gmt":"2024-01-11T15:48:32","guid":{"rendered":"https:\/\/agora.xtec.cat\/escolabacdecerdanya\/?p=6430"},"modified":"2024-01-11T16:51:45","modified_gmt":"2024-01-11T15:51:45","slug":"setmana-blanca-a-masella-2","status":"publish","type":"post","link":"https:\/\/agora.xtec.cat\/escolabacdecerdanya\/general\/setmana-blanca-a-masella-2\/","title":{"rendered":"SETMANA BLANCA A MASELLA"},"content":{"rendered":"<p>Tornem de les vacances de Nadal amb les piles carregades per fer la <strong>setmana blanca\u00a0 <img loading=\"lazy\" decoding=\"async\" class=\"\" src=\"https:\/\/img.freepik.com\/vector-gratis\/personaje-dibujos-animados-nino-montando-esqui-blanco_1308-56189.jpg?size=626&amp;ext=jpg&amp;ga=GA1.1.1880011253.1704672000&amp;semt=ais\" alt=\"Im\u00e1genes de Esquiar Dibujo - Descarga gratuita en Freepik\" width=\"32\" height=\"38\" \/><\/strong><\/p>\n<p>Hem gaudit d&#8217;una bona setmana d&#8217;esqu\u00ed ja no ens ha fet mal temps i a mitja setmana ens ha fet una nevadeta que ha ajudat a emplenar una mica m\u00e9s les p\u00ecstes d&#8217;esqu\u00ed\u00a0 \u00a0<img loading=\"lazy\" decoding=\"async\" class=\"\" src=\"https:\/\/img.freepik.com\/vector-premium\/icono-nieve-ilustracion-dibujos-animados-icono-vector-nieve-web_96318-33799.jpg?w=2000\" alt=\"Icono de nieve ilustraci\u00f3n de dibujos animados de icono de vector de nieve para web | Vector Premium\" width=\"37\" height=\"37\" \/>\u00a0 \u00a0Hem gaudit d&#8217;aquest esport, dels companys i companyes i dels i les mestres. Ha sigut una bona setmana de conviv\u00e8ncia.<\/p>\n<p>Tornem a donar les gr\u00e0cies a Esports David&#8217;s per haver-nos cedit el material d&#8217;esqu\u00ed. GR\u00c0CIES!<\/p>\n<p>Ara toca descansar, bon cap de setmana!\u00a0 <img loading=\"lazy\" decoding=\"async\" class=\"\" src=\"https:\/\/cdn-icons-png.flaticon.com\/512\/5660\/5660108.png\" alt=\"Adi\u00f3s - Iconos gratis de manos y gestos\" width=\"30\" height=\"30\" \/><\/p>\n<p>Si cliqueu la imatge podreu accedir a l&#8217;\u00e0lbum de fotos de la setmana blanca. Recordeu que cal accedir amb el correu de l&#8217;escola dels vostres fills i filles.<\/p>\n<p><a href=\"https:\/\/drive.google.com\/drive\/folders\/1PbImqsU--KWtOELFem5_nhNVmx40KFlN?usp=drive_link\"><br \/>\n<img loading=\"lazy\" decoding=\"async\" class=\"aligncenter wp-image-6431 size-medium\" src=\"https:\/\/agora.xtec.cat\/escolabacdecerdanya\/wp-content\/uploads\/usu1753\/2024\/01\/20240110_125114-300x169.jpg\" alt=\"\" width=\"300\" height=\"169\" srcset=\"https:\/\/agora.xtec.cat\/escolabacdecerdanya\/wp-content\/uploads\/usu1753\/2024\/01\/20240110_125114-300x169.jpg 300w, https:\/\/agora.xtec.cat\/escolabacdecerdanya\/wp-content\/uploads\/usu1753\/2024\/01\/20240110_125114-1024x576.jpg 1024w, https:\/\/agora.xtec.cat\/escolabacdecerdanya\/wp-content\/uploads\/usu1753\/2024\/01\/20240110_125114-768x432.jpg 768w, https:\/\/agora.xtec.cat\/escolabacdecerdanya\/wp-content\/uploads\/usu1753\/2024\/01\/20240110_125114-1536x864.jpg 1536w, https:\/\/agora.xtec.cat\/escolabacdecerdanya\/wp-content\/uploads\/usu1753\/2024\/01\/20240110_125114-2048x1152.jpg 2048w\" sizes=\"auto, (max-width: 300px) 100vw, 300px\" \/><\/a><\/p>\n","protected":false},"excerpt":{"rendered":"<p>Tornem de les vacances de Nadal amb les piles carregades per fer la setmana blanca\u00a0<br \/>\nHem gaudit d&#8217;una bona setmana d&#8217;esqu\u00ed ja no ens ha fet mal temps i a mitja setmana ens ha fet una nevadeta que ha ajudat a emplenar una mica m\u00e9s&hellip;  <a href=\"https:\/\/agora.xtec.cat\/escolabacdecerdanya\/general\/setmana-blanca-a-masella-2\/\" title=\"Read SETMANA BLANCA A MASELLA\">Llegeix m\u00e9s\u00bb<\/a><\/p>\n","protected":false},"author":6,"featured_media":6431,"comment_status":"open","ping_status":"closed","sticky":false,"template":"","format":"standard","meta":{"_bbp_topic_count":0,"_bbp_reply_count":0,"_bbp_total_topic_count":0,"_bbp_total_reply_count":0,"_bbp_voice_count":0,"_bbp_anonymous_reply_count":0,"_bbp_topic_count_hidden":0,"_bbp_reply_count_hidden":0,"_bbp_forum_subforum_count":0,"footnotes":""},"categories":[10,11,12,13,14,15,239,240,104,105,76,103,68,243,242,241,1,61,3,8,9,4],"tags":[],"class_list":["post-6430","post","type-post","status-publish","format-standard","has-post-thumbnail","hentry","category-1r","category-2n","category-3r","category-4t","category-5e","category-6e","category-album-de-fotos","category-cicle-inicial","category-inicial","category-mitja","category-cicle-superior","category-infantil-2","category-esqui","category-ft-cicle-inicial","category-ft-cicle-mitja","category-ft-cicle-superior","category-general","category-novetats","category-p3","category-p4","category-p5","category-portada"],"post_mailing_queue_ids":[],"_links":{"self":[{"href":"https:\/\/agora.xtec.cat\/escolabacdecerdanya\/wp-json\/wp\/v2\/posts\/6430","targetHints":{"allow":["GET"]}}],"collection":[{"href":"https:\/\/agora.xtec.cat\/escolabacdecerdanya\/wp-json\/wp\/v2\/posts"}],"about":[{"href":"https:\/\/agora.xtec.cat\/escolabacdecerdanya\/wp-json\/wp\/v2\/types\/post"}],"author":[{"embeddable":true,"href":"https:\/\/agora.xtec.cat\/escolabacdecerdanya\/wp-json\/wp\/v2\/users\/6"}],"replies":[{"embeddable":true,"href":"https:\/\/agora.xtec.cat\/escolabacdecerdanya\/wp-json\/wp\/v2\/comments?post=6430"}],"version-history":[{"count":3,"href":"https:\/\/agora.xtec.cat\/escolabacdecerdanya\/wp-json\/wp\/v2\/posts\/6430\/revisions"}],"predecessor-version":[{"id":6434,"href":"https:\/\/agora.xtec.cat\/escolabacdecerdanya\/wp-json\/wp\/v2\/posts\/6430\/revisions\/6434"}],"wp:featuredmedia":[{"embeddable":true,"href":"https:\/\/agora.xtec.cat\/escolabacdecerdanya\/wp-json\/wp\/v2\/media\/6431"}],"wp:attachment":[{"href":"https:\/\/agora.xtec.cat\/escolabacdecerdanya\/wp-json\/wp\/v2\/media?parent=6430"}],"wp:term":[{"taxonomy":"category","embeddable":true,"href":"https:\/\/agora.xtec.cat\/escolabacdecerdanya\/wp-json\/wp\/v2\/categories?post=6430"},{"taxonomy":"post_tag","embeddable":true,"href":"https:\/\/agora.xtec.cat\/escolabacdecerdanya\/wp-json\/wp\/v2\/tags?post=6430"}],"curies":[{"name":"wp","href":"https:\/\/api.w.org\/{rel}","templated":true}]}}