{"id":6409,"date":"2023-12-20T11:48:30","date_gmt":"2023-12-20T10:48:30","guid":{"rendered":"https:\/\/agora.xtec.cat\/escolabacdecerdanya\/?p=6409"},"modified":"2024-01-25T23:01:59","modified_gmt":"2024-01-25T22:01:59","slug":"treballem-mates-fent-estacions","status":"publish","type":"post","link":"https:\/\/agora.xtec.cat\/escolabacdecerdanya\/general\/treballem-mates-fent-estacions\/","title":{"rendered":"TREBALLEM MATES FENT ESTACIONS"},"content":{"rendered":"<p style=\"text-align: justify;\">Els nens i nenes de 3r hem comen\u00e7at a fer unes sessions de Matem\u00e0tiques i Llengua per estacions a les tardes. I, qu\u00e8 s\u00f3n les estacions? Doncs s\u00f3n diferents propostes m\u00e9s aut\u00f2nomes perqu\u00e8 els infants puguin treballar i aprendre sense que la mestra hagi d&#8217;estar ajudant a tots.<\/p>\n<p style=\"text-align: justify;\">Normalment fem tres propostes, dues d&#8217;elles s\u00f3n activitats aut\u00f2nomes que s&#8217;expliquen a l&#8217;inici de la classe. L&#8217;altra \u00e9s una activitat que s\u00ed est\u00e0 acompanyada per la mestra en tot moment, aix\u00ed es pot atendre personalment a un grup de m\u00e0xim 6 alumnes.<\/p>\n<table style=\"border-collapse: collapse; width: 100%;\">\n<tbody>\n<tr>\n<td style=\"width: 33.3333%;\">\n<p><figure class=\"figure wp-caption aligncenter\"><a href=\"https:\/\/agora.xtec.cat\/escolabacdecerdanya\/wp-content\/uploads\/usu1753\/2023\/12\/1702998502083.jpg\"><img loading=\"lazy\" decoding=\"async\" class=\" wp-image-6412\" src=\"https:\/\/agora.xtec.cat\/escolabacdecerdanya\/wp-content\/uploads\/usu1753\/2023\/12\/1702998502083-300x225.jpg\" alt=\"\" width=\"192\" height=\"144\" srcset=\"https:\/\/agora.xtec.cat\/escolabacdecerdanya\/wp-content\/uploads\/usu1753\/2023\/12\/1702998502083-300x225.jpg 300w, https:\/\/agora.xtec.cat\/escolabacdecerdanya\/wp-content\/uploads\/usu1753\/2023\/12\/1702998502083-200x150.jpg 200w, https:\/\/agora.xtec.cat\/escolabacdecerdanya\/wp-content\/uploads\/usu1753\/2023\/12\/1702998502083.jpg 640w\" sizes=\"auto, (max-width: 192px) 100vw, 192px\" \/><\/a><figcaption class=\"wp-caption-text\">Constru\u00efm la taula del 4 amb l&#8217;ajuda de cubets i de la mestra.<\/figcaption><\/figure><\/td>\n<td style=\"width: 33.3333%;\">\n<p><figure class=\"figure wp-caption aligncenter\"><a href=\"https:\/\/agora.xtec.cat\/escolabacdecerdanya\/wp-content\/uploads\/usu1753\/2023\/12\/1702998502062.jpg\"><img loading=\"lazy\" decoding=\"async\" class=\" wp-image-6411\" src=\"https:\/\/agora.xtec.cat\/escolabacdecerdanya\/wp-content\/uploads\/usu1753\/2023\/12\/1702998502062-300x225.jpg\" alt=\"\" width=\"182\" height=\"136\" srcset=\"https:\/\/agora.xtec.cat\/escolabacdecerdanya\/wp-content\/uploads\/usu1753\/2023\/12\/1702998502062-300x225.jpg 300w, https:\/\/agora.xtec.cat\/escolabacdecerdanya\/wp-content\/uploads\/usu1753\/2023\/12\/1702998502062-200x150.jpg 200w, https:\/\/agora.xtec.cat\/escolabacdecerdanya\/wp-content\/uploads\/usu1753\/2023\/12\/1702998502062.jpg 640w\" sizes=\"auto, (max-width: 182px) 100vw, 182px\" \/><\/a><figcaption class=\"wp-caption-text\">Els infants fan jocs per anar memoritzant les taules.<\/figcaption><\/figure><\/td>\n<td style=\"width: 33.3333%;\">\n<p><figure class=\"figure wp-caption aligncenter\"><a href=\"https:\/\/agora.xtec.cat\/escolabacdecerdanya\/wp-content\/uploads\/usu1753\/2023\/12\/1702998502054.jpg\"><img loading=\"lazy\" decoding=\"async\" class=\" wp-image-6410\" src=\"https:\/\/agora.xtec.cat\/escolabacdecerdanya\/wp-content\/uploads\/usu1753\/2023\/12\/1702998502054-300x225.jpg\" alt=\"\" width=\"195\" height=\"146\" srcset=\"https:\/\/agora.xtec.cat\/escolabacdecerdanya\/wp-content\/uploads\/usu1753\/2023\/12\/1702998502054-300x225.jpg 300w, https:\/\/agora.xtec.cat\/escolabacdecerdanya\/wp-content\/uploads\/usu1753\/2023\/12\/1702998502054-200x150.jpg 200w, https:\/\/agora.xtec.cat\/escolabacdecerdanya\/wp-content\/uploads\/usu1753\/2023\/12\/1702998502054.jpg 640w\" sizes=\"auto, (max-width: 195px) 100vw, 195px\" \/><\/a><figcaption class=\"wp-caption-text\">Comprem productes i pensem quines monedes ens calen per pagar-los.<\/figcaption><\/figure><\/td>\n<\/tr>\n<\/tbody>\n<\/table>\n<p style=\"text-align: justify;\">Tots els infants passen per les tres estacions durant la tarda, de manera que estan uns 25&#8242; a cadascuna d&#8217;elles i la seva atenci\u00f3 \u00e9s alta perqu\u00e8 no se&#8217;ls fa pesat fer-les.<\/p>\n<p style=\"text-align: justify;\">Aqu\u00ed podeu veure totes les <a href=\"https:\/\/drive.google.com\/drive\/folders\/1A0iR9F6wePI2KCjpKKMGGy8sm94KkQM2?usp=drive_link\" target=\"_blank\" rel=\"noopener\">imatges<\/a> de les estacions de desembre.<\/p>\n","protected":false},"excerpt":{"rendered":"<p>Els nens i nenes de 3r hem comen\u00e7at a fer unes sessions de Matem\u00e0tiques i Llengua per estacions a les tardes. I, qu\u00e8 s\u00f3n les estacions? Doncs s\u00f3n diferents propostes m\u00e9s aut\u00f2nomes perqu\u00e8 els infants puguin treballar i aprendre sense que la mestra hagi d&#8217;estar&hellip;  <a href=\"https:\/\/agora.xtec.cat\/escolabacdecerdanya\/general\/treballem-mates-fent-estacions\/\" title=\"Read TREBALLEM MATES FENT ESTACIONS\">Llegeix m\u00e9s\u00bb<\/a><\/p>\n","protected":false},"author":60,"featured_media":6410,"comment_status":"open","ping_status":"closed","sticky":false,"template":"","format":"standard","meta":{"_bbp_topic_count":0,"_bbp_reply_count":0,"_bbp_total_topic_count":0,"_bbp_total_reply_count":0,"_bbp_voice_count":0,"_bbp_anonymous_reply_count":0,"_bbp_topic_count_hidden":0,"_bbp_reply_count_hidden":0,"_bbp_forum_subforum_count":0,"footnotes":""},"categories":[12,1,4],"tags":[],"class_list":["post-6409","post","type-post","status-publish","format-standard","has-post-thumbnail","hentry","category-3r","category-general","category-portada"],"post_mailing_queue_ids":[],"_links":{"self":[{"href":"https:\/\/agora.xtec.cat\/escolabacdecerdanya\/wp-json\/wp\/v2\/posts\/6409","targetHints":{"allow":["GET"]}}],"collection":[{"href":"https:\/\/agora.xtec.cat\/escolabacdecerdanya\/wp-json\/wp\/v2\/posts"}],"about":[{"href":"https:\/\/agora.xtec.cat\/escolabacdecerdanya\/wp-json\/wp\/v2\/types\/post"}],"author":[{"embeddable":true,"href":"https:\/\/agora.xtec.cat\/escolabacdecerdanya\/wp-json\/wp\/v2\/users\/60"}],"replies":[{"embeddable":true,"href":"https:\/\/agora.xtec.cat\/escolabacdecerdanya\/wp-json\/wp\/v2\/comments?post=6409"}],"version-history":[{"count":6,"href":"https:\/\/agora.xtec.cat\/escolabacdecerdanya\/wp-json\/wp\/v2\/posts\/6409\/revisions"}],"predecessor-version":[{"id":6469,"href":"https:\/\/agora.xtec.cat\/escolabacdecerdanya\/wp-json\/wp\/v2\/posts\/6409\/revisions\/6469"}],"wp:featuredmedia":[{"embeddable":true,"href":"https:\/\/agora.xtec.cat\/escolabacdecerdanya\/wp-json\/wp\/v2\/media\/6410"}],"wp:attachment":[{"href":"https:\/\/agora.xtec.cat\/escolabacdecerdanya\/wp-json\/wp\/v2\/media?parent=6409"}],"wp:term":[{"taxonomy":"category","embeddable":true,"href":"https:\/\/agora.xtec.cat\/escolabacdecerdanya\/wp-json\/wp\/v2\/categories?post=6409"},{"taxonomy":"post_tag","embeddable":true,"href":"https:\/\/agora.xtec.cat\/escolabacdecerdanya\/wp-json\/wp\/v2\/tags?post=6409"}],"curies":[{"name":"wp","href":"https:\/\/api.w.org\/{rel}","templated":true}]}}