{"id":6397,"date":"2023-12-18T09:01:23","date_gmt":"2023-12-18T08:01:23","guid":{"rendered":"https:\/\/agora.xtec.cat\/escolabacdecerdanya\/?p=6397"},"modified":"2023-12-20T11:51:57","modified_gmt":"2023-12-20T10:51:57","slug":"creem-cartells-amb-el-canva","status":"publish","type":"post","link":"https:\/\/agora.xtec.cat\/escolabacdecerdanya\/general\/creem-cartells-amb-el-canva\/","title":{"rendered":"Creem cartells amb el Canva"},"content":{"rendered":"<p><a href=\"https:\/\/agora.xtec.cat\/escolabacdecerdanya\/wp-content\/uploads\/usu1753\/2023\/12\/Se-busca-grup.png\">\u00a0 <\/a>\u00a0\u00a0<span style=\"color: #2795b6;\"><a href=\"https:\/\/agora.xtec.cat\/escolabacdecerdanya\/wp-content\/uploads\/usu1753\/2023\/12\/Se-busca-final.png\"><img loading=\"lazy\" decoding=\"async\" class=\"size-medium wp-image-6400 alignleft\" src=\"https:\/\/agora.xtec.cat\/escolabacdecerdanya\/wp-content\/uploads\/usu1753\/2023\/12\/Se-busca-grup-300x225.png\" alt=\"\" width=\"300\" height=\"225\" srcset=\"https:\/\/agora.xtec.cat\/escolabacdecerdanya\/wp-content\/uploads\/usu1753\/2023\/12\/Se-busca-grup-300x225.png 300w, https:\/\/agora.xtec.cat\/escolabacdecerdanya\/wp-content\/uploads\/usu1753\/2023\/12\/Se-busca-grup-768x576.png 768w, https:\/\/agora.xtec.cat\/escolabacdecerdanya\/wp-content\/uploads\/usu1753\/2023\/12\/Se-busca-grup-200x150.png 200w, https:\/\/agora.xtec.cat\/escolabacdecerdanya\/wp-content\/uploads\/usu1753\/2023\/12\/Se-busca-grup.png 1024w\" sizes=\"auto, (max-width: 300px) 100vw, 300px\" \/><\/a><\/span><img loading=\"lazy\" decoding=\"async\" class=\"size-medium wp-image-6399 alignleft\" src=\"https:\/\/agora.xtec.cat\/escolabacdecerdanya\/wp-content\/uploads\/usu1753\/2023\/12\/Se-busca-final-300x225.png\" alt=\"\" width=\"300\" height=\"225\" srcset=\"https:\/\/agora.xtec.cat\/escolabacdecerdanya\/wp-content\/uploads\/usu1753\/2023\/12\/Se-busca-final-300x225.png 300w, https:\/\/agora.xtec.cat\/escolabacdecerdanya\/wp-content\/uploads\/usu1753\/2023\/12\/Se-busca-final-768x576.png 768w, https:\/\/agora.xtec.cat\/escolabacdecerdanya\/wp-content\/uploads\/usu1753\/2023\/12\/Se-busca-final-200x150.png 200w, https:\/\/agora.xtec.cat\/escolabacdecerdanya\/wp-content\/uploads\/usu1753\/2023\/12\/Se-busca-final.png 1024w\" sizes=\"auto, (max-width: 300px) 100vw, 300px\" \/><a style=\"font-family: inherit; font-size: 1em; color: #2795b6;\" href=\"https:\/\/agora.xtec.cat\/escolabacdecerdanya\/wp-content\/uploads\/usu1753\/2023\/12\/Se-busca-retocs.png\"><img loading=\"lazy\" decoding=\"async\" class=\"size-medium wp-image-6398 alignleft\" src=\"https:\/\/agora.xtec.cat\/escolabacdecerdanya\/wp-content\/uploads\/usu1753\/2023\/12\/Se-busca-retocs-300x225.png\" alt=\"\" width=\"300\" height=\"225\" srcset=\"https:\/\/agora.xtec.cat\/escolabacdecerdanya\/wp-content\/uploads\/usu1753\/2023\/12\/Se-busca-retocs-300x225.png 300w, https:\/\/agora.xtec.cat\/escolabacdecerdanya\/wp-content\/uploads\/usu1753\/2023\/12\/Se-busca-retocs-768x576.png 768w, https:\/\/agora.xtec.cat\/escolabacdecerdanya\/wp-content\/uploads\/usu1753\/2023\/12\/Se-busca-retocs-200x150.png 200w, https:\/\/agora.xtec.cat\/escolabacdecerdanya\/wp-content\/uploads\/usu1753\/2023\/12\/Se-busca-retocs.png 1024w\" sizes=\"auto, (max-width: 300px) 100vw, 300px\" \/><\/a><\/p>\n<p><span style=\"font-weight: 400;\">En les sessions d\u2019inform\u00e0tica aprenem a utilitzar eines digitals i aplicar-les en un treball d\u2019aula. Una de les tasques d\u2019expressi\u00f3 escrita en Castell\u00e0 ha consistit en elaborar uns cartells informatius per trobar un animal perdut, a partir de la descripci\u00f3 de l\u2019animal i les seves caracter\u00edstiques.<\/span><\/p>\n<p><span style=\"font-weight: 400;\">A inform\u00e0tica ho hem aprofitat per crear-lo digitalment utilitzant el Canva. Han quedat ben bonics! <\/span><span style=\"font-weight: 400;\">Si voleu veure m\u00e9s imatges del proc\u00e9s, cliqueu a la <a href=\"https:\/\/drive.google.com\/drive\/folders\/1NOEUygcVETowln42egNii3BqwYP0MkH0?usp=drive_link\">carpeta d\u2019imatges de 4t al Drive, \u201cCanva i llengua castellana\u201d<\/a>.<\/span><\/p>\n<p><span style=\"font-weight: 400;\">Fins aviat!\u00a0<\/span><\/p>\n","protected":false},"excerpt":{"rendered":"<p><a href=\"https:\/\/agora.xtec.cat\/escolabacdecerdanya\/wp-content\/uploads\/usu1753\/2023\/12\/Se-busca-grup.png\">\u00a0 <\/a>\u00a0\u00a0<a href=\"https:\/\/agora.xtec.cat\/escolabacdecerdanya\/wp-content\/uploads\/usu1753\/2023\/12\/Se-busca-final.png\"><\/a><a style=\"font-family: inherit; font-size: 1em; color: #2795b6;\" href=\"https:\/\/agora.xtec.cat\/escolabacdecerdanya\/wp-content\/uploads\/usu1753\/2023\/12\/Se-busca-retocs.png\"><\/a><br \/>\nEn les sessions d\u2019inform\u00e0tica aprenem a utilitzar eines digitals i aplicar-les en un treball d\u2019aula. Una de les tasques d\u2019expressi\u00f3 escrita en Castell\u00e0 ha consistit en elaborar uns cartells informatius per trobar un animal perdut,&hellip;  <a href=\"https:\/\/agora.xtec.cat\/escolabacdecerdanya\/general\/creem-cartells-amb-el-canva\/\" title=\"Read Creem cartells amb el Canva\">Llegeix m\u00e9s\u00bb<\/a><\/p>\n","protected":false},"author":59,"featured_media":6400,"comment_status":"open","ping_status":"closed","sticky":false,"template":"","format":"standard","meta":{"_bbp_topic_count":0,"_bbp_reply_count":0,"_bbp_total_topic_count":0,"_bbp_total_reply_count":0,"_bbp_voice_count":0,"_bbp_anonymous_reply_count":0,"_bbp_topic_count_hidden":0,"_bbp_reply_count_hidden":0,"_bbp_forum_subforum_count":0,"footnotes":""},"categories":[13,239,60,242,1,141,4],"tags":[],"class_list":["post-6397","post","type-post","status-publish","format-standard","has-post-thumbnail","hentry","category-4t","category-album-de-fotos","category-families","category-ft-cicle-mitja","category-general","category-informatica","category-portada"],"post_mailing_queue_ids":[],"_links":{"self":[{"href":"https:\/\/agora.xtec.cat\/escolabacdecerdanya\/wp-json\/wp\/v2\/posts\/6397","targetHints":{"allow":["GET"]}}],"collection":[{"href":"https:\/\/agora.xtec.cat\/escolabacdecerdanya\/wp-json\/wp\/v2\/posts"}],"about":[{"href":"https:\/\/agora.xtec.cat\/escolabacdecerdanya\/wp-json\/wp\/v2\/types\/post"}],"author":[{"embeddable":true,"href":"https:\/\/agora.xtec.cat\/escolabacdecerdanya\/wp-json\/wp\/v2\/users\/59"}],"replies":[{"embeddable":true,"href":"https:\/\/agora.xtec.cat\/escolabacdecerdanya\/wp-json\/wp\/v2\/comments?post=6397"}],"version-history":[{"count":6,"href":"https:\/\/agora.xtec.cat\/escolabacdecerdanya\/wp-json\/wp\/v2\/posts\/6397\/revisions"}],"predecessor-version":[{"id":6418,"href":"https:\/\/agora.xtec.cat\/escolabacdecerdanya\/wp-json\/wp\/v2\/posts\/6397\/revisions\/6418"}],"wp:featuredmedia":[{"embeddable":true,"href":"https:\/\/agora.xtec.cat\/escolabacdecerdanya\/wp-json\/wp\/v2\/media\/6400"}],"wp:attachment":[{"href":"https:\/\/agora.xtec.cat\/escolabacdecerdanya\/wp-json\/wp\/v2\/media?parent=6397"}],"wp:term":[{"taxonomy":"category","embeddable":true,"href":"https:\/\/agora.xtec.cat\/escolabacdecerdanya\/wp-json\/wp\/v2\/categories?post=6397"},{"taxonomy":"post_tag","embeddable":true,"href":"https:\/\/agora.xtec.cat\/escolabacdecerdanya\/wp-json\/wp\/v2\/tags?post=6397"}],"curies":[{"name":"wp","href":"https:\/\/api.w.org\/{rel}","templated":true}]}}