{"id":6380,"date":"2023-12-12T17:53:09","date_gmt":"2023-12-12T16:53:09","guid":{"rendered":"https:\/\/agora.xtec.cat\/escolabacdecerdanya\/?p=6380"},"modified":"2023-12-12T17:53:09","modified_gmt":"2023-12-12T16:53:09","slug":"ja-son-aqui","status":"publish","type":"post","link":"https:\/\/agora.xtec.cat\/escolabacdecerdanya\/general\/ja-son-aqui\/","title":{"rendered":"JA S\u00d3N AQU\u00cd&#8230;"},"content":{"rendered":"<p><img loading=\"lazy\" decoding=\"async\" class=\"\" src=\"https:\/\/www.anemdecolonies.com\/media\/activities\/gallery\/574\/AC-0801.jpg\" alt=\"El Ti\u00f3 de Navidad - Anem de Col\u00f2nies\" width=\"93\" height=\"70\" \/> Ja s\u00f3n aqu\u00ed un any m\u00e9s! Els alumnes de l&#8217;escola Bac de Cerdanya han esperat ansiosos l&#8217;arribada d&#8217;aquest personatge m\u00e0gic i misteri\u00f3s. Ara nom\u00e9s cal donar-los molt menjar perqu\u00e8 ens cagui moltes coses.<\/p>\n<p>Benvinguts tions!!<a href=\"https:\/\/agora.xtec.cat\/escolabacdecerdanya\/wp-content\/uploads\/usu1753\/2023\/12\/FunPic_20231212_171204090.jpg\"><br \/>\n<img loading=\"lazy\" decoding=\"async\" class=\"wp-image-6381 size-medium aligncenter\" src=\"https:\/\/agora.xtec.cat\/escolabacdecerdanya\/wp-content\/uploads\/usu1753\/2023\/12\/FunPic_20231212_171204090-300x300.jpg\" alt=\"\" width=\"300\" height=\"300\" srcset=\"https:\/\/agora.xtec.cat\/escolabacdecerdanya\/wp-content\/uploads\/usu1753\/2023\/12\/FunPic_20231212_171204090-300x300.jpg 300w, https:\/\/agora.xtec.cat\/escolabacdecerdanya\/wp-content\/uploads\/usu1753\/2023\/12\/FunPic_20231212_171204090-1024x1024.jpg 1024w, https:\/\/agora.xtec.cat\/escolabacdecerdanya\/wp-content\/uploads\/usu1753\/2023\/12\/FunPic_20231212_171204090-150x150.jpg 150w, https:\/\/agora.xtec.cat\/escolabacdecerdanya\/wp-content\/uploads\/usu1753\/2023\/12\/FunPic_20231212_171204090-768x768.jpg 768w, https:\/\/agora.xtec.cat\/escolabacdecerdanya\/wp-content\/uploads\/usu1753\/2023\/12\/FunPic_20231212_171204090-1536x1536.jpg 1536w, https:\/\/agora.xtec.cat\/escolabacdecerdanya\/wp-content\/uploads\/usu1753\/2023\/12\/FunPic_20231212_171204090.jpg 1920w\" sizes=\"auto, (max-width: 300px) 100vw, 300px\" \/><\/a><\/p>\n","protected":false},"excerpt":{"rendered":"<p> Ja s\u00f3n aqu\u00ed un any m\u00e9s! Els alumnes de l&#8217;escola Bac de Cerdanya han esperat ansiosos l&#8217;arribada d&#8217;aquest personatge m\u00e0gic i misteri\u00f3s. Ara nom\u00e9s cal donar-los molt menjar perqu\u00e8 ens cagui moltes coses.<br \/>\nBenvinguts tions!!<a href=\"https:\/\/agora.xtec.cat\/escolabacdecerdanya\/wp-content\/uploads\/usu1753\/2023\/12\/FunPic_20231212_171204090.jpg\"><br \/>\n<\/a><\/p>\n","protected":false},"author":6,"featured_media":6381,"comment_status":"open","ping_status":"closed","sticky":false,"template":"","format":"standard","meta":{"_bbp_topic_count":0,"_bbp_reply_count":0,"_bbp_total_topic_count":0,"_bbp_total_reply_count":0,"_bbp_voice_count":0,"_bbp_anonymous_reply_count":0,"_bbp_topic_count_hidden":0,"_bbp_reply_count_hidden":0,"_bbp_forum_subforum_count":0,"footnotes":""},"categories":[10,11,12,13,14,15,239,240,104,105,76,103,161,243,242,241,1,69,61,3,8,9,4],"tags":[],"class_list":["post-6380","post","type-post","status-publish","format-standard","has-post-thumbnail","hentry","category-1r","category-2n","category-3r","category-4t","category-5e","category-6e","category-album-de-fotos","category-cicle-inicial","category-inicial","category-mitja","category-cicle-superior","category-infantil-2","category-festes","category-ft-cicle-inicial","category-ft-cicle-mitja","category-ft-cicle-superior","category-general","category-nadal","category-novetats","category-p3","category-p4","category-p5","category-portada"],"post_mailing_queue_ids":[],"_links":{"self":[{"href":"https:\/\/agora.xtec.cat\/escolabacdecerdanya\/wp-json\/wp\/v2\/posts\/6380","targetHints":{"allow":["GET"]}}],"collection":[{"href":"https:\/\/agora.xtec.cat\/escolabacdecerdanya\/wp-json\/wp\/v2\/posts"}],"about":[{"href":"https:\/\/agora.xtec.cat\/escolabacdecerdanya\/wp-json\/wp\/v2\/types\/post"}],"author":[{"embeddable":true,"href":"https:\/\/agora.xtec.cat\/escolabacdecerdanya\/wp-json\/wp\/v2\/users\/6"}],"replies":[{"embeddable":true,"href":"https:\/\/agora.xtec.cat\/escolabacdecerdanya\/wp-json\/wp\/v2\/comments?post=6380"}],"version-history":[{"count":2,"href":"https:\/\/agora.xtec.cat\/escolabacdecerdanya\/wp-json\/wp\/v2\/posts\/6380\/revisions"}],"predecessor-version":[{"id":6383,"href":"https:\/\/agora.xtec.cat\/escolabacdecerdanya\/wp-json\/wp\/v2\/posts\/6380\/revisions\/6383"}],"wp:featuredmedia":[{"embeddable":true,"href":"https:\/\/agora.xtec.cat\/escolabacdecerdanya\/wp-json\/wp\/v2\/media\/6381"}],"wp:attachment":[{"href":"https:\/\/agora.xtec.cat\/escolabacdecerdanya\/wp-json\/wp\/v2\/media?parent=6380"}],"wp:term":[{"taxonomy":"category","embeddable":true,"href":"https:\/\/agora.xtec.cat\/escolabacdecerdanya\/wp-json\/wp\/v2\/categories?post=6380"},{"taxonomy":"post_tag","embeddable":true,"href":"https:\/\/agora.xtec.cat\/escolabacdecerdanya\/wp-json\/wp\/v2\/tags?post=6380"}],"curies":[{"name":"wp","href":"https:\/\/api.w.org\/{rel}","templated":true}]}}