{"id":6375,"date":"2023-12-15T16:30:59","date_gmt":"2023-12-15T15:30:59","guid":{"rendered":"https:\/\/agora.xtec.cat\/escolabacdecerdanya\/?p=6375"},"modified":"2023-12-14T18:00:40","modified_gmt":"2023-12-14T17:00:40","slug":"jeux-de-lhiver-et-de-noel-3r","status":"publish","type":"post","link":"https:\/\/agora.xtec.cat\/escolabacdecerdanya\/general\/jeux-de-lhiver-et-de-noel-3r\/","title":{"rendered":"JEUX D&#8217;HIVER ET DE NO\u00cbL"},"content":{"rendered":"<p><img loading=\"lazy\" decoding=\"async\" class=\"alignnone\" src=\"https:\/\/img.freepik.com\/vector-premium\/clipart-color-dibujos-animados-globo-nieve-navidad_576561-3847.jpg\" alt=\"Clipart de color de dibujos animados de globo de nieve de navidad\" width=\"91\" height=\"91\" \/> &#8220;Pendant la classe de fran\u00e7ais, on a fait des jeux d&#8217;hiver et de No\u00ebl pour apprendre le vocabulaire le plus important de cette saison et cette f\u00eate. On a mis la main dans une chaussette de No\u00ebl pour deviner les objets qu&#8217;il y avait dedans, on a cr\u00e9e un gros bonhomme de n\u00e9ige, on a fait un gros sapin de No\u00ebl, on a danc\u00e9 et on a \u00e9crit des mots sur la mousse \u00e0 raser. Joyeux No\u00ebl!&#8221;<\/p>\n<p>Durant la classe de franc\u00e8s, hem fet jocs relacionats amb l&#8217;hivern i les festes de Nadal per tal d&#8217;aprendre el vocabulari m\u00e9s important d&#8217;aquesta estaci\u00f3 de l&#8217;any i festivitat. Hem posat la m\u00e0 dins un mitj\u00f3 de nadal per tal d&#8217;endevinar els objectes que hi havia a dins, hem creat un ninot de neu gegant, hem fet un gran arbre de Nadal, hem ballat i hem escrit paraules sobre espuma d&#8217;afaitar. Bones festes de Nadal!<\/p>\n<p><a href=\"https:\/\/agora.xtec.cat\/escolabacdecerdanya\/wp-content\/uploads\/usu1753\/2023\/12\/FunPic_20231212_185050318-1-scaled.jpg\"><img loading=\"lazy\" decoding=\"async\" class=\"wp-image-6390 size-medium aligncenter\" src=\"https:\/\/agora.xtec.cat\/escolabacdecerdanya\/wp-content\/uploads\/usu1753\/2023\/12\/FunPic_20231212_185050318-1-175x300.jpg\" alt=\"\" width=\"175\" height=\"300\" srcset=\"https:\/\/agora.xtec.cat\/escolabacdecerdanya\/wp-content\/uploads\/usu1753\/2023\/12\/FunPic_20231212_185050318-1-175x300.jpg 175w, https:\/\/agora.xtec.cat\/escolabacdecerdanya\/wp-content\/uploads\/usu1753\/2023\/12\/FunPic_20231212_185050318-1-599x1024.jpg 599w, https:\/\/agora.xtec.cat\/escolabacdecerdanya\/wp-content\/uploads\/usu1753\/2023\/12\/FunPic_20231212_185050318-1-768x1313.jpg 768w, https:\/\/agora.xtec.cat\/escolabacdecerdanya\/wp-content\/uploads\/usu1753\/2023\/12\/FunPic_20231212_185050318-1-898x1536.jpg 898w, https:\/\/agora.xtec.cat\/escolabacdecerdanya\/wp-content\/uploads\/usu1753\/2023\/12\/FunPic_20231212_185050318-1-1198x2048.jpg 1198w, https:\/\/agora.xtec.cat\/escolabacdecerdanya\/wp-content\/uploads\/usu1753\/2023\/12\/FunPic_20231212_185050318-1-scaled.jpg 1497w\" sizes=\"auto, (max-width: 175px) 100vw, 175px\" \/><\/a><\/p>\n<p>&nbsp;<\/p>\n<p>&nbsp;<\/p>\n","protected":false},"excerpt":{"rendered":"<p> &#8220;Pendant la classe de fran\u00e7ais, on a fait des jeux d&#8217;hiver et de No\u00ebl pour apprendre le vocabulaire le plus important de cette saison et cette f\u00eate. On a mis la main dans une chaussette de No\u00ebl pour deviner les objets qu&#8217;il y avait&hellip;  <a href=\"https:\/\/agora.xtec.cat\/escolabacdecerdanya\/general\/jeux-de-lhiver-et-de-noel-3r\/\" title=\"Read JEUX D&#8217;HIVER ET DE NO\u00cbL\">Llegeix m\u00e9s\u00bb<\/a><\/p>\n","protected":false},"author":32,"featured_media":6390,"comment_status":"open","ping_status":"closed","sticky":false,"template":"","format":"standard","meta":{"_bbp_topic_count":0,"_bbp_reply_count":0,"_bbp_total_topic_count":0,"_bbp_total_reply_count":0,"_bbp_voice_count":0,"_bbp_anonymous_reply_count":0,"_bbp_topic_count_hidden":0,"_bbp_reply_count_hidden":0,"_bbp_forum_subforum_count":0,"footnotes":""},"categories":[12,13,14,15,239,105,76,161,156,242,241,1,162,69,61,4],"tags":[],"class_list":["post-6375","post","type-post","status-publish","format-standard","has-post-thumbnail","hentry","category-3r","category-4t","category-5e","category-6e","category-album-de-fotos","category-mitja","category-cicle-superior","category-festes","category-francais","category-ft-cicle-mitja","category-ft-cicle-superior","category-general","category-llengues-estrangeres","category-nadal","category-novetats","category-portada"],"post_mailing_queue_ids":[],"_links":{"self":[{"href":"https:\/\/agora.xtec.cat\/escolabacdecerdanya\/wp-json\/wp\/v2\/posts\/6375","targetHints":{"allow":["GET"]}}],"collection":[{"href":"https:\/\/agora.xtec.cat\/escolabacdecerdanya\/wp-json\/wp\/v2\/posts"}],"about":[{"href":"https:\/\/agora.xtec.cat\/escolabacdecerdanya\/wp-json\/wp\/v2\/types\/post"}],"author":[{"embeddable":true,"href":"https:\/\/agora.xtec.cat\/escolabacdecerdanya\/wp-json\/wp\/v2\/users\/32"}],"replies":[{"embeddable":true,"href":"https:\/\/agora.xtec.cat\/escolabacdecerdanya\/wp-json\/wp\/v2\/comments?post=6375"}],"version-history":[{"count":5,"href":"https:\/\/agora.xtec.cat\/escolabacdecerdanya\/wp-json\/wp\/v2\/posts\/6375\/revisions"}],"predecessor-version":[{"id":6396,"href":"https:\/\/agora.xtec.cat\/escolabacdecerdanya\/wp-json\/wp\/v2\/posts\/6375\/revisions\/6396"}],"wp:featuredmedia":[{"embeddable":true,"href":"https:\/\/agora.xtec.cat\/escolabacdecerdanya\/wp-json\/wp\/v2\/media\/6390"}],"wp:attachment":[{"href":"https:\/\/agora.xtec.cat\/escolabacdecerdanya\/wp-json\/wp\/v2\/media?parent=6375"}],"wp:term":[{"taxonomy":"category","embeddable":true,"href":"https:\/\/agora.xtec.cat\/escolabacdecerdanya\/wp-json\/wp\/v2\/categories?post=6375"},{"taxonomy":"post_tag","embeddable":true,"href":"https:\/\/agora.xtec.cat\/escolabacdecerdanya\/wp-json\/wp\/v2\/tags?post=6375"}],"curies":[{"name":"wp","href":"https:\/\/api.w.org\/{rel}","templated":true}]}}