{"id":6372,"date":"2023-12-19T17:00:36","date_gmt":"2023-12-19T16:00:36","guid":{"rendered":"https:\/\/agora.xtec.cat\/escolabacdecerdanya\/?p=6372"},"modified":"2023-12-12T18:37:19","modified_gmt":"2023-12-12T17:37:19","slug":"ens-gravem-cantant-i4-i-i5","status":"publish","type":"post","link":"https:\/\/agora.xtec.cat\/escolabacdecerdanya\/general\/ens-gravem-cantant-i4-i-i5\/","title":{"rendered":"ENS GRAVEM CANTANT (I4 i I5)"},"content":{"rendered":"<p><img loading=\"lazy\" decoding=\"async\" class=\"alignnone\" src=\"https:\/\/svgsilh.com\/svg\/3275055.svg\" alt=\"Nota musical \" width=\"120\" height=\"74\" \/> A l&#8217;aula d&#8217;inform\u00e0tica tamb\u00e9 han arribat les festes, aix\u00ed que hem decidit amb els alumnes d&#8217;I4 i I5 de gravar-nos la veu cantant la can\u00e7\u00f3 de Nadal que hem practicat a l&#8217;aula. Hem apr\u00e8s a buscar l&#8217;aplicaci\u00f3 Vocaroo a la tableta i hem apr\u00e8s a escanejar el QR que la mestra ha creat amb la nostra gravaci\u00f3 de la can\u00e7\u00f3. Que divertit!<\/p>\n<p><a href=\"https:\/\/agora.xtec.cat\/escolabacdecerdanya\/wp-content\/uploads\/usu1753\/2023\/12\/20231211_103054-scaled.jpg\"><img loading=\"lazy\" decoding=\"async\" class=\"alignnone\" src=\"https:\/\/www.unitag.io\/_next\/image?url=%2F_next%2Fstatic%2Fmedia%2Ftemplate_classic.746b0922.png&amp;w=3840&amp;q=75\" alt=\"Unitag | Home of QR | Generador de c\u00f3digos QR\" width=\"106\" height=\"106\" \/><img loading=\"lazy\" decoding=\"async\" class=\" wp-image-6373 alignnone\" src=\"https:\/\/agora.xtec.cat\/escolabacdecerdanya\/wp-content\/uploads\/usu1753\/2023\/12\/20231211_103054-300x175.jpg\" alt=\"\" width=\"282\" height=\"165\" srcset=\"https:\/\/agora.xtec.cat\/escolabacdecerdanya\/wp-content\/uploads\/usu1753\/2023\/12\/20231211_103054-300x175.jpg 300w, https:\/\/agora.xtec.cat\/escolabacdecerdanya\/wp-content\/uploads\/usu1753\/2023\/12\/20231211_103054-1024x597.jpg 1024w, https:\/\/agora.xtec.cat\/escolabacdecerdanya\/wp-content\/uploads\/usu1753\/2023\/12\/20231211_103054-768x448.jpg 768w, https:\/\/agora.xtec.cat\/escolabacdecerdanya\/wp-content\/uploads\/usu1753\/2023\/12\/20231211_103054-1536x896.jpg 1536w, https:\/\/agora.xtec.cat\/escolabacdecerdanya\/wp-content\/uploads\/usu1753\/2023\/12\/20231211_103054-2048x1194.jpg 2048w\" sizes=\"auto, (max-width: 282px) 100vw, 282px\" \/><\/a><a href=\"https:\/\/agora.xtec.cat\/escolabacdecerdanya\/wp-content\/uploads\/usu1753\/2023\/12\/20231212_155724.jpg\"><img loading=\"lazy\" decoding=\"async\" class=\"wp-image-6384 alignleft\" src=\"https:\/\/agora.xtec.cat\/escolabacdecerdanya\/wp-content\/uploads\/usu1753\/2023\/12\/20231212_155724-290x300.jpg\" alt=\"\" width=\"165\" height=\"171\" srcset=\"https:\/\/agora.xtec.cat\/escolabacdecerdanya\/wp-content\/uploads\/usu1753\/2023\/12\/20231212_155724-290x300.jpg 290w, https:\/\/agora.xtec.cat\/escolabacdecerdanya\/wp-content\/uploads\/usu1753\/2023\/12\/20231212_155724-990x1024.jpg 990w, https:\/\/agora.xtec.cat\/escolabacdecerdanya\/wp-content\/uploads\/usu1753\/2023\/12\/20231212_155724-768x795.jpg 768w, https:\/\/agora.xtec.cat\/escolabacdecerdanya\/wp-content\/uploads\/usu1753\/2023\/12\/20231212_155724-1484x1536.jpg 1484w, https:\/\/agora.xtec.cat\/escolabacdecerdanya\/wp-content\/uploads\/usu1753\/2023\/12\/20231212_155724-1979x2048.jpg 1979w\" sizes=\"auto, (max-width: 165px) 100vw, 165px\" \/><\/a><\/p>\n","protected":false},"excerpt":{"rendered":"<p> A l&#8217;aula d&#8217;inform\u00e0tica tamb\u00e9 han arribat les festes, aix\u00ed que hem decidit amb els alumnes d&#8217;I4 i I5 de gravar-nos la veu cantant la can\u00e7\u00f3 de Nadal que hem practicat a l&#8217;aula. Hem apr\u00e8s a buscar l&#8217;aplicaci\u00f3 Vocaroo a la tableta i hem apr\u00e8s&hellip;  <a href=\"https:\/\/agora.xtec.cat\/escolabacdecerdanya\/general\/ens-gravem-cantant-i4-i-i5\/\" title=\"Read ENS GRAVEM CANTANT (I4 i I5)\">Llegeix m\u00e9s\u00bb<\/a><\/p>\n","protected":false},"author":32,"featured_media":0,"comment_status":"open","ping_status":"closed","sticky":false,"template":"","format":"standard","meta":{"_bbp_topic_count":0,"_bbp_reply_count":0,"_bbp_total_topic_count":0,"_bbp_total_reply_count":0,"_bbp_voice_count":0,"_bbp_anonymous_reply_count":0,"_bbp_topic_count_hidden":0,"_bbp_reply_count_hidden":0,"_bbp_forum_subforum_count":0,"footnotes":""},"categories":[1],"tags":[],"class_list":["post-6372","post","type-post","status-publish","format-standard","hentry","category-general"],"post_mailing_queue_ids":[],"_links":{"self":[{"href":"https:\/\/agora.xtec.cat\/escolabacdecerdanya\/wp-json\/wp\/v2\/posts\/6372","targetHints":{"allow":["GET"]}}],"collection":[{"href":"https:\/\/agora.xtec.cat\/escolabacdecerdanya\/wp-json\/wp\/v2\/posts"}],"about":[{"href":"https:\/\/agora.xtec.cat\/escolabacdecerdanya\/wp-json\/wp\/v2\/types\/post"}],"author":[{"embeddable":true,"href":"https:\/\/agora.xtec.cat\/escolabacdecerdanya\/wp-json\/wp\/v2\/users\/32"}],"replies":[{"embeddable":true,"href":"https:\/\/agora.xtec.cat\/escolabacdecerdanya\/wp-json\/wp\/v2\/comments?post=6372"}],"version-history":[{"count":4,"href":"https:\/\/agora.xtec.cat\/escolabacdecerdanya\/wp-json\/wp\/v2\/posts\/6372\/revisions"}],"predecessor-version":[{"id":6385,"href":"https:\/\/agora.xtec.cat\/escolabacdecerdanya\/wp-json\/wp\/v2\/posts\/6372\/revisions\/6385"}],"wp:attachment":[{"href":"https:\/\/agora.xtec.cat\/escolabacdecerdanya\/wp-json\/wp\/v2\/media?parent=6372"}],"wp:term":[{"taxonomy":"category","embeddable":true,"href":"https:\/\/agora.xtec.cat\/escolabacdecerdanya\/wp-json\/wp\/v2\/categories?post=6372"},{"taxonomy":"post_tag","embeddable":true,"href":"https:\/\/agora.xtec.cat\/escolabacdecerdanya\/wp-json\/wp\/v2\/tags?post=6372"}],"curies":[{"name":"wp","href":"https:\/\/api.w.org\/{rel}","templated":true}]}}