{"id":6356,"date":"2023-12-09T12:44:41","date_gmt":"2023-12-09T11:44:41","guid":{"rendered":"https:\/\/agora.xtec.cat\/escolabacdecerdanya\/?p=6356"},"modified":"2023-12-09T12:44:41","modified_gmt":"2023-12-09T11:44:41","slug":"quina-de-nadal","status":"publish","type":"post","link":"https:\/\/agora.xtec.cat\/escolabacdecerdanya\/general\/quina-de-nadal\/","title":{"rendered":"QUINA DE NADAL"},"content":{"rendered":"<p>Ahir al vespre vam celebrar la quina de l&#8217;escola com ja \u00e9s tradici\u00f3. Va ser tot un \u00e8xit; es van vendre tots els cartrons i m\u00e9s n&#8217;hi hagu\u00e9s hagut!<\/p>\n<p>Des de l&#8217;escola donem les gr\u00e0cies a tots els que ho fem possible!&#8230; l&#8217;any vinent hi tornarem!<\/p>\n<p style=\"text-align: left;\"><a href=\"https:\/\/agora.xtec.cat\/escolabacdecerdanya\/wp-content\/uploads\/usu1753\/2023\/12\/IMG-20231209-WA0000.jpg\"><img loading=\"lazy\" decoding=\"async\" class=\"alignnone size-large wp-image-6361\" src=\"https:\/\/agora.xtec.cat\/escolabacdecerdanya\/wp-content\/uploads\/usu1753\/2023\/12\/IMG-20231209-WA0000-1024x768.jpg\" alt=\"\" width=\"1024\" height=\"768\" srcset=\"https:\/\/agora.xtec.cat\/escolabacdecerdanya\/wp-content\/uploads\/usu1753\/2023\/12\/IMG-20231209-WA0000-1024x768.jpg 1024w, https:\/\/agora.xtec.cat\/escolabacdecerdanya\/wp-content\/uploads\/usu1753\/2023\/12\/IMG-20231209-WA0000-300x225.jpg 300w, https:\/\/agora.xtec.cat\/escolabacdecerdanya\/wp-content\/uploads\/usu1753\/2023\/12\/IMG-20231209-WA0000-768x576.jpg 768w, https:\/\/agora.xtec.cat\/escolabacdecerdanya\/wp-content\/uploads\/usu1753\/2023\/12\/IMG-20231209-WA0000-1536x1152.jpg 1536w, https:\/\/agora.xtec.cat\/escolabacdecerdanya\/wp-content\/uploads\/usu1753\/2023\/12\/IMG-20231209-WA0000-200x150.jpg 200w, https:\/\/agora.xtec.cat\/escolabacdecerdanya\/wp-content\/uploads\/usu1753\/2023\/12\/IMG-20231209-WA0000.jpg 2048w\" sizes=\"auto, (max-width: 1024px) 100vw, 1024px\" \/><\/a> <a href=\"https:\/\/agora.xtec.cat\/escolabacdecerdanya\/wp-content\/uploads\/usu1753\/2023\/12\/1000017519.jpg\"><img loading=\"lazy\" decoding=\"async\" class=\"alignnone size-large wp-image-6358\" src=\"https:\/\/agora.xtec.cat\/escolabacdecerdanya\/wp-content\/uploads\/usu1753\/2023\/12\/1000017519-461x1024.jpg\" alt=\"\" width=\"461\" height=\"1024\" srcset=\"https:\/\/agora.xtec.cat\/escolabacdecerdanya\/wp-content\/uploads\/usu1753\/2023\/12\/1000017519-461x1024.jpg 461w, https:\/\/agora.xtec.cat\/escolabacdecerdanya\/wp-content\/uploads\/usu1753\/2023\/12\/1000017519-135x300.jpg 135w, https:\/\/agora.xtec.cat\/escolabacdecerdanya\/wp-content\/uploads\/usu1753\/2023\/12\/1000017519-768x1707.jpg 768w, https:\/\/agora.xtec.cat\/escolabacdecerdanya\/wp-content\/uploads\/usu1753\/2023\/12\/1000017519-691x1536.jpg 691w, https:\/\/agora.xtec.cat\/escolabacdecerdanya\/wp-content\/uploads\/usu1753\/2023\/12\/1000017519-922x2048.jpg 922w, https:\/\/agora.xtec.cat\/escolabacdecerdanya\/wp-content\/uploads\/usu1753\/2023\/12\/1000017519.jpg 1080w\" sizes=\"auto, (max-width: 461px) 100vw, 461px\" \/><\/a> <a href=\"https:\/\/agora.xtec.cat\/escolabacdecerdanya\/wp-content\/uploads\/usu1753\/2023\/12\/1000017518.jpg\"><img loading=\"lazy\" decoding=\"async\" class=\"alignnone size-large wp-image-6359\" src=\"https:\/\/agora.xtec.cat\/escolabacdecerdanya\/wp-content\/uploads\/usu1753\/2023\/12\/1000017518-461x1024.jpg\" alt=\"\" width=\"461\" height=\"1024\" srcset=\"https:\/\/agora.xtec.cat\/escolabacdecerdanya\/wp-content\/uploads\/usu1753\/2023\/12\/1000017518-461x1024.jpg 461w, https:\/\/agora.xtec.cat\/escolabacdecerdanya\/wp-content\/uploads\/usu1753\/2023\/12\/1000017518-135x300.jpg 135w, https:\/\/agora.xtec.cat\/escolabacdecerdanya\/wp-content\/uploads\/usu1753\/2023\/12\/1000017518-768x1707.jpg 768w, https:\/\/agora.xtec.cat\/escolabacdecerdanya\/wp-content\/uploads\/usu1753\/2023\/12\/1000017518-691x1536.jpg 691w, https:\/\/agora.xtec.cat\/escolabacdecerdanya\/wp-content\/uploads\/usu1753\/2023\/12\/1000017518-922x2048.jpg 922w, https:\/\/agora.xtec.cat\/escolabacdecerdanya\/wp-content\/uploads\/usu1753\/2023\/12\/1000017518.jpg 1080w\" sizes=\"auto, (max-width: 461px) 100vw, 461px\" \/><\/a> <a href=\"https:\/\/agora.xtec.cat\/escolabacdecerdanya\/wp-content\/uploads\/usu1753\/2023\/12\/1000017520.jpg\"><img loading=\"lazy\" decoding=\"async\" class=\"alignnone size-large wp-image-6360\" src=\"https:\/\/agora.xtec.cat\/escolabacdecerdanya\/wp-content\/uploads\/usu1753\/2023\/12\/1000017520-461x1024.jpg\" alt=\"\" width=\"461\" height=\"1024\" srcset=\"https:\/\/agora.xtec.cat\/escolabacdecerdanya\/wp-content\/uploads\/usu1753\/2023\/12\/1000017520-461x1024.jpg 461w, https:\/\/agora.xtec.cat\/escolabacdecerdanya\/wp-content\/uploads\/usu1753\/2023\/12\/1000017520-135x300.jpg 135w, https:\/\/agora.xtec.cat\/escolabacdecerdanya\/wp-content\/uploads\/usu1753\/2023\/12\/1000017520-768x1707.jpg 768w, https:\/\/agora.xtec.cat\/escolabacdecerdanya\/wp-content\/uploads\/usu1753\/2023\/12\/1000017520-691x1536.jpg 691w, https:\/\/agora.xtec.cat\/escolabacdecerdanya\/wp-content\/uploads\/usu1753\/2023\/12\/1000017520-922x2048.jpg 922w, https:\/\/agora.xtec.cat\/escolabacdecerdanya\/wp-content\/uploads\/usu1753\/2023\/12\/1000017520.jpg 1080w\" sizes=\"auto, (max-width: 461px) 100vw, 461px\" \/><\/a><\/p>\n","protected":false},"excerpt":{"rendered":"<p>Ahir al vespre vam celebrar la quina de l&#8217;escola com ja \u00e9s tradici\u00f3. Va ser tot un \u00e8xit; es van vendre tots els cartrons i m\u00e9s n&#8217;hi hagu\u00e9s hagut!<br \/>\nDes de l&#8217;escola donem les gr\u00e0cies a tots els que ho fem possible!&#8230; l&#8217;any vinent hi tornarem!<br \/>\n<a&hellip;  <a href=\"https:\/\/agora.xtec.cat\/escolabacdecerdanya\/general\/quina-de-nadal\/\" title=\"Read QUINA DE NADAL\">Llegeix m\u00e9s\u00bb<\/a><\/p>\n","protected":false},"author":8,"featured_media":6358,"comment_status":"open","ping_status":"closed","sticky":false,"template":"","format":"standard","meta":{"_bbp_topic_count":0,"_bbp_reply_count":0,"_bbp_total_topic_count":0,"_bbp_total_reply_count":0,"_bbp_voice_count":0,"_bbp_anonymous_reply_count":0,"_bbp_topic_count_hidden":0,"_bbp_reply_count_hidden":0,"_bbp_forum_subforum_count":0,"footnotes":""},"categories":[60,161,1,61,4,70],"tags":[],"class_list":["post-6356","post","type-post","status-publish","format-standard","has-post-thumbnail","hentry","category-families","category-festes","category-general","category-novetats","category-portada","category-quina"],"post_mailing_queue_ids":[],"_links":{"self":[{"href":"https:\/\/agora.xtec.cat\/escolabacdecerdanya\/wp-json\/wp\/v2\/posts\/6356","targetHints":{"allow":["GET"]}}],"collection":[{"href":"https:\/\/agora.xtec.cat\/escolabacdecerdanya\/wp-json\/wp\/v2\/posts"}],"about":[{"href":"https:\/\/agora.xtec.cat\/escolabacdecerdanya\/wp-json\/wp\/v2\/types\/post"}],"author":[{"embeddable":true,"href":"https:\/\/agora.xtec.cat\/escolabacdecerdanya\/wp-json\/wp\/v2\/users\/8"}],"replies":[{"embeddable":true,"href":"https:\/\/agora.xtec.cat\/escolabacdecerdanya\/wp-json\/wp\/v2\/comments?post=6356"}],"version-history":[{"count":1,"href":"https:\/\/agora.xtec.cat\/escolabacdecerdanya\/wp-json\/wp\/v2\/posts\/6356\/revisions"}],"predecessor-version":[{"id":6362,"href":"https:\/\/agora.xtec.cat\/escolabacdecerdanya\/wp-json\/wp\/v2\/posts\/6356\/revisions\/6362"}],"wp:featuredmedia":[{"embeddable":true,"href":"https:\/\/agora.xtec.cat\/escolabacdecerdanya\/wp-json\/wp\/v2\/media\/6358"}],"wp:attachment":[{"href":"https:\/\/agora.xtec.cat\/escolabacdecerdanya\/wp-json\/wp\/v2\/media?parent=6356"}],"wp:term":[{"taxonomy":"category","embeddable":true,"href":"https:\/\/agora.xtec.cat\/escolabacdecerdanya\/wp-json\/wp\/v2\/categories?post=6356"},{"taxonomy":"post_tag","embeddable":true,"href":"https:\/\/agora.xtec.cat\/escolabacdecerdanya\/wp-json\/wp\/v2\/tags?post=6356"}],"curies":[{"name":"wp","href":"https:\/\/api.w.org\/{rel}","templated":true}]}}