{"id":6344,"date":"2023-12-18T09:00:41","date_gmt":"2023-12-18T08:00:41","guid":{"rendered":"https:\/\/agora.xtec.cat\/escolabacdecerdanya\/?p=6344"},"modified":"2023-12-17T17:53:08","modified_gmt":"2023-12-17T16:53:08","slug":"dictats-geometrics","status":"publish","type":"post","link":"https:\/\/agora.xtec.cat\/escolabacdecerdanya\/general\/dictats-geometrics\/","title":{"rendered":"Dictats geom\u00e8trics"},"content":{"rendered":"<p><span style=\"font-weight: 400;\">En les activitats d\u2019Aventures d&#8217;Innovamat fem tasques que ens ensenyen a connectar, aplicar conceptes matem\u00e0tics i comprendre des de la pr\u00e0ctica el vocabulari espec\u00edfic.<\/span><\/p>\n<p><span style=\"font-weight: 400;\">Aquesta setmana n\u2019hem fet una de molt interessant: els dictats geom\u00e8trics. <\/span><span style=\"font-weight: 400;\">Serieu capa\u00e7os de dictar aquesta figura perqu\u00e8 un altre la pugui reproduir exactament en una graella?<\/span><\/p>\n<p><a href=\"https:\/\/agora.xtec.cat\/escolabacdecerdanya\/wp-content\/uploads\/usu1753\/2023\/12\/Figura-cubets.png\"><img loading=\"lazy\" decoding=\"async\" class=\"alignnone size-medium wp-image-6345\" src=\"https:\/\/agora.xtec.cat\/escolabacdecerdanya\/wp-content\/uploads\/usu1753\/2023\/12\/Figura-cubets-300x250.png\" alt=\"\" width=\"300\" height=\"250\" srcset=\"https:\/\/agora.xtec.cat\/escolabacdecerdanya\/wp-content\/uploads\/usu1753\/2023\/12\/Figura-cubets-300x250.png 300w, https:\/\/agora.xtec.cat\/escolabacdecerdanya\/wp-content\/uploads\/usu1753\/2023\/12\/Figura-cubets.png 708w\" sizes=\"auto, (max-width: 300px) 100vw, 300px\" \/><\/a><a href=\"https:\/\/agora.xtec.cat\/escolabacdecerdanya\/wp-content\/uploads\/usu1753\/2023\/12\/IMG_20231129_095837.jpg\">\u00a0 \u00a0 \u00a0 \u00a0 \u00a0 \u00a0 <img loading=\"lazy\" decoding=\"async\" class=\"alignnone size-medium wp-image-6346\" src=\"https:\/\/agora.xtec.cat\/escolabacdecerdanya\/wp-content\/uploads\/usu1753\/2023\/12\/IMG_20231129_095837-300x225.jpg\" alt=\"\" width=\"300\" height=\"225\" srcset=\"https:\/\/agora.xtec.cat\/escolabacdecerdanya\/wp-content\/uploads\/usu1753\/2023\/12\/IMG_20231129_095837-300x225.jpg 300w, https:\/\/agora.xtec.cat\/escolabacdecerdanya\/wp-content\/uploads\/usu1753\/2023\/12\/IMG_20231129_095837-1024x768.jpg 1024w, https:\/\/agora.xtec.cat\/escolabacdecerdanya\/wp-content\/uploads\/usu1753\/2023\/12\/IMG_20231129_095837-768x576.jpg 768w, https:\/\/agora.xtec.cat\/escolabacdecerdanya\/wp-content\/uploads\/usu1753\/2023\/12\/IMG_20231129_095837-1536x1152.jpg 1536w, https:\/\/agora.xtec.cat\/escolabacdecerdanya\/wp-content\/uploads\/usu1753\/2023\/12\/IMG_20231129_095837-200x150.jpg 200w, https:\/\/agora.xtec.cat\/escolabacdecerdanya\/wp-content\/uploads\/usu1753\/2023\/12\/IMG_20231129_095837.jpg 1984w\" sizes=\"auto, (max-width: 300px) 100vw, 300px\" \/><\/a><\/p>\n<p><span style=\"font-family: inherit; font-size: 1em; text-align: center;\">&#8220;Situa\u2019t a la tercera columna, avan\u00e7a dues files, fes una torre de dos cubets un a sobre de l\u2019altre\u2026&#8221;<\/span><\/p>\n<p style=\"text-align: left;\"><span style=\"font-weight: 400;\">No es feina f\u00e0cil! <\/span><span style=\"font-weight: 400;\">Nosaltres ho hem fet amb cubets encaixables i ens n\u2019hem sortit for\u00e7a b\u00e9!\u00a0<\/span><span style=\"font-weight: 400;\">Podeu veure m\u00e9s imatges del treball realitzat a la carpeta de <strong>Reptes Innovamat<\/strong> del Drive.<\/span><\/p>\n<p><span style=\"font-weight: 400;\">Fins aviat!<\/span><\/p>\n","protected":false},"excerpt":{"rendered":"<p>Aquesta setmana, amb els alumnes de 4t hem practicat els dictats geom\u00e8trics.&hellip;  <a href=\"https:\/\/agora.xtec.cat\/escolabacdecerdanya\/general\/dictats-geometrics\/\" title=\"Read Dictats geom\u00e8trics\">Llegeix m\u00e9s\u00bb<\/a><\/p>\n","protected":false},"author":59,"featured_media":6346,"comment_status":"open","ping_status":"closed","sticky":false,"template":"","format":"standard","meta":{"_bbp_topic_count":0,"_bbp_reply_count":0,"_bbp_total_topic_count":0,"_bbp_total_reply_count":0,"_bbp_voice_count":0,"_bbp_anonymous_reply_count":0,"_bbp_topic_count_hidden":0,"_bbp_reply_count_hidden":0,"_bbp_forum_subforum_count":0,"footnotes":""},"categories":[13,239,105,60,242,1,61,4],"tags":[],"class_list":["post-6344","post","type-post","status-publish","format-standard","has-post-thumbnail","hentry","category-4t","category-album-de-fotos","category-mitja","category-families","category-ft-cicle-mitja","category-general","category-novetats","category-portada"],"post_mailing_queue_ids":[],"_links":{"self":[{"href":"https:\/\/agora.xtec.cat\/escolabacdecerdanya\/wp-json\/wp\/v2\/posts\/6344","targetHints":{"allow":["GET"]}}],"collection":[{"href":"https:\/\/agora.xtec.cat\/escolabacdecerdanya\/wp-json\/wp\/v2\/posts"}],"about":[{"href":"https:\/\/agora.xtec.cat\/escolabacdecerdanya\/wp-json\/wp\/v2\/types\/post"}],"author":[{"embeddable":true,"href":"https:\/\/agora.xtec.cat\/escolabacdecerdanya\/wp-json\/wp\/v2\/users\/59"}],"replies":[{"embeddable":true,"href":"https:\/\/agora.xtec.cat\/escolabacdecerdanya\/wp-json\/wp\/v2\/comments?post=6344"}],"version-history":[{"count":5,"href":"https:\/\/agora.xtec.cat\/escolabacdecerdanya\/wp-json\/wp\/v2\/posts\/6344\/revisions"}],"predecessor-version":[{"id":6351,"href":"https:\/\/agora.xtec.cat\/escolabacdecerdanya\/wp-json\/wp\/v2\/posts\/6344\/revisions\/6351"}],"wp:featuredmedia":[{"embeddable":true,"href":"https:\/\/agora.xtec.cat\/escolabacdecerdanya\/wp-json\/wp\/v2\/media\/6346"}],"wp:attachment":[{"href":"https:\/\/agora.xtec.cat\/escolabacdecerdanya\/wp-json\/wp\/v2\/media?parent=6344"}],"wp:term":[{"taxonomy":"category","embeddable":true,"href":"https:\/\/agora.xtec.cat\/escolabacdecerdanya\/wp-json\/wp\/v2\/categories?post=6344"},{"taxonomy":"post_tag","embeddable":true,"href":"https:\/\/agora.xtec.cat\/escolabacdecerdanya\/wp-json\/wp\/v2\/tags?post=6344"}],"curies":[{"name":"wp","href":"https:\/\/api.w.org\/{rel}","templated":true}]}}