{"id":6339,"date":"2023-12-02T17:50:54","date_gmt":"2023-12-02T16:50:54","guid":{"rendered":"https:\/\/agora.xtec.cat\/escolabacdecerdanya\/?p=6339"},"modified":"2023-12-02T17:50:54","modified_gmt":"2023-12-02T16:50:54","slug":"adeu-jordi","status":"publish","type":"post","link":"https:\/\/agora.xtec.cat\/escolabacdecerdanya\/general\/adeu-jordi\/","title":{"rendered":"Ad\u00e9u Jordi !"},"content":{"rendered":"<p><b>Des de l\u2019Escola Bac de Cerdanya lamentem profundament la mort del company i amic Jordi Ribas Torres que durant molts anys va ser mestre d&#8217;educaci\u00f3 f\u00edsica a la nostra escola.<\/b><\/p>\n<p><strong>El m\u00e9s sincer condol a la seva fam\u00edlia i amics.<\/strong><\/p>\n<blockquote><p><em><a href=\"https:\/\/agora.xtec.cat\/escolabacdecerdanya\/wp-content\/uploads\/usu1753\/2023\/12\/jordi-cara.jpg\"><img loading=\"lazy\" decoding=\"async\" class=\"wp-image-6340 alignleft\" src=\"https:\/\/agora.xtec.cat\/escolabacdecerdanya\/wp-content\/uploads\/usu1753\/2023\/12\/jordi-cara.jpg\" alt=\"\" width=\"156\" height=\"228\" srcset=\"https:\/\/agora.xtec.cat\/escolabacdecerdanya\/wp-content\/uploads\/usu1753\/2023\/12\/jordi-cara.jpg 636w, https:\/\/agora.xtec.cat\/escolabacdecerdanya\/wp-content\/uploads\/usu1753\/2023\/12\/jordi-cara-206x300.jpg 206w\" sizes=\"auto, (max-width: 156px) 100vw, 156px\" \/><\/a><\/em><\/p>\n<p><em>Jordi,<\/em><\/p>\n<p><em>Et donem les gr\u00e0cies de tot cor pel teu esfor\u00e7 i dedicaci\u00f3 durant tots els cursos que vas estar entre nosaltres. La teva alegria i estimaci\u00f3 a la mainada i als companys van deixar una gran petjada al Bac de Cerdanya i et recordarem sempre.<\/em><\/p>\n<p><em>Amb tu se\u2019n va una gran persona.<\/em><\/p>\n<p><em>A reveure amic! <\/em><img loading=\"lazy\" decoding=\"async\" class=\"alignright\" src=\"http:\/\/www.palauplegamans.cat\/media\/site1\/cache\/images\/dol-llacnegre.jpg\" alt=\"L&amp;#39;Ajuntament es suma al condol per la mort de Jaume Padr\u00f3s, exregidor de l&amp;#39;Ajuntament durant els anys 60 | Ajuntament de Palau-solit\u00e0 i Plegamans\" width=\"198\" height=\"149\" \/><\/p><\/blockquote>\n<div class=\"addtoany_share_save_container addtoany_content addtoany_content_bottom\">\n<div class=\"a2a_kit a2a_kit_size_32 addtoany_list\" data-a2a-url=\"https:\/\/agora.xtec.cat\/escolabacdecerdanya\/general\/adeu-fatima\/\" data-a2a-title=\"Ad\u00e9u F\u00e0tima\"><\/div>\n<\/div>\n","protected":false},"excerpt":{"rendered":"<p>Des de l\u2019Escola Bac de Cerdanya lamentem profundament la mort del company i amic Jordi Ribas Torres que durant molts anys va ser mestre d&#8217;educaci\u00f3 f\u00edsica a la nostra escola.<br \/>\nEl m\u00e9s sincer condol a la seva fam\u00edlia i amics.<br \/>\n<a href=\"https:\/\/agora.xtec.cat\/escolabacdecerdanya\/wp-content\/uploads\/usu1753\/2023\/12\/jordi-cara.jpg\"><\/a><br \/>\nJordi,<br \/>\nEt donem les gr\u00e0cies de tot&hellip;  <a href=\"https:\/\/agora.xtec.cat\/escolabacdecerdanya\/general\/adeu-jordi\/\" title=\"Read Ad\u00e9u Jordi !\">Llegeix m\u00e9s\u00bb<\/a><\/p>\n","protected":false},"author":8,"featured_media":6340,"comment_status":"open","ping_status":"closed","sticky":false,"template":"","format":"standard","meta":{"_bbp_topic_count":0,"_bbp_reply_count":0,"_bbp_total_topic_count":0,"_bbp_total_reply_count":0,"_bbp_voice_count":0,"_bbp_anonymous_reply_count":0,"_bbp_topic_count_hidden":0,"_bbp_reply_count_hidden":0,"_bbp_forum_subforum_count":0,"footnotes":""},"categories":[1,4],"tags":[],"class_list":["post-6339","post","type-post","status-publish","format-standard","has-post-thumbnail","hentry","category-general","category-portada"],"post_mailing_queue_ids":[],"_links":{"self":[{"href":"https:\/\/agora.xtec.cat\/escolabacdecerdanya\/wp-json\/wp\/v2\/posts\/6339","targetHints":{"allow":["GET"]}}],"collection":[{"href":"https:\/\/agora.xtec.cat\/escolabacdecerdanya\/wp-json\/wp\/v2\/posts"}],"about":[{"href":"https:\/\/agora.xtec.cat\/escolabacdecerdanya\/wp-json\/wp\/v2\/types\/post"}],"author":[{"embeddable":true,"href":"https:\/\/agora.xtec.cat\/escolabacdecerdanya\/wp-json\/wp\/v2\/users\/8"}],"replies":[{"embeddable":true,"href":"https:\/\/agora.xtec.cat\/escolabacdecerdanya\/wp-json\/wp\/v2\/comments?post=6339"}],"version-history":[{"count":3,"href":"https:\/\/agora.xtec.cat\/escolabacdecerdanya\/wp-json\/wp\/v2\/posts\/6339\/revisions"}],"predecessor-version":[{"id":6343,"href":"https:\/\/agora.xtec.cat\/escolabacdecerdanya\/wp-json\/wp\/v2\/posts\/6339\/revisions\/6343"}],"wp:featuredmedia":[{"embeddable":true,"href":"https:\/\/agora.xtec.cat\/escolabacdecerdanya\/wp-json\/wp\/v2\/media\/6340"}],"wp:attachment":[{"href":"https:\/\/agora.xtec.cat\/escolabacdecerdanya\/wp-json\/wp\/v2\/media?parent=6339"}],"wp:term":[{"taxonomy":"category","embeddable":true,"href":"https:\/\/agora.xtec.cat\/escolabacdecerdanya\/wp-json\/wp\/v2\/categories?post=6339"},{"taxonomy":"post_tag","embeddable":true,"href":"https:\/\/agora.xtec.cat\/escolabacdecerdanya\/wp-json\/wp\/v2\/tags?post=6339"}],"curies":[{"name":"wp","href":"https:\/\/api.w.org\/{rel}","templated":true}]}}