{"id":6294,"date":"2023-11-14T12:38:06","date_gmt":"2023-11-14T11:38:06","guid":{"rendered":"https:\/\/agora.xtec.cat\/escolabacdecerdanya\/?p=6294"},"modified":"2023-11-15T17:08:14","modified_gmt":"2023-11-15T16:08:14","slug":"construim-un-vehicle-propulsat-per-aire","status":"publish","type":"post","link":"https:\/\/agora.xtec.cat\/escolabacdecerdanya\/portada\/construim-un-vehicle-propulsat-per-aire\/","title":{"rendered":"Constru\u00efm un vehicle propulsat per aire"},"content":{"rendered":"<p style=\"text-align: justify;\">Els infants de 3r, dins del projecte d&#8217;energia i mat\u00e8ria, han dissenyat i constru\u00eft un vehicle propulsat per aire.<\/p>\n<p style=\"text-align: justify;\"><a href=\"https:\/\/agora.xtec.cat\/escolabacdecerdanya\/wp-content\/uploads\/usu1753\/2023\/11\/1699533569839.jpg\"><img loading=\"lazy\" decoding=\"async\" class=\"alignleft  wp-image-6296\" src=\"https:\/\/agora.xtec.cat\/escolabacdecerdanya\/wp-content\/uploads\/usu1753\/2023\/11\/1699533569839-300x225.jpg\" alt=\"\" width=\"144\" height=\"108\" srcset=\"https:\/\/agora.xtec.cat\/escolabacdecerdanya\/wp-content\/uploads\/usu1753\/2023\/11\/1699533569839-300x225.jpg 300w, https:\/\/agora.xtec.cat\/escolabacdecerdanya\/wp-content\/uploads\/usu1753\/2023\/11\/1699533569839-200x150.jpg 200w, https:\/\/agora.xtec.cat\/escolabacdecerdanya\/wp-content\/uploads\/usu1753\/2023\/11\/1699533569839.jpg 640w\" sizes=\"auto, (max-width: 144px) 100vw, 144px\" \/><\/a>Un cop acabats ens vam adonar que no es movien tal i com esper\u00e0vem i va caler canviar alguns elements: la canyeta per on buf\u00e0vem i sortia l&#8217;aire era massa estreta i en vam posar una de m\u00e9s gran, l&#8217;altre problema eren les rodes, si eren molt petites el vehicle no es movia.<\/p>\n<p style=\"text-align: justify;\">Tot i fer els canvis, alguns vehicles encara no es despla\u00e7aven, per\u00f2 com ja port\u00e0vem dies amb l&#8217;activitat i hem d&#8217;anar avan\u00e7ant, vam decidir que cadasc\u00fa se l&#8217;enduria a casa i miraria de trobar la soluci\u00f3.<a href=\"https:\/\/agora.xtec.cat\/escolabacdecerdanya\/wp-content\/uploads\/usu1753\/2023\/11\/1699533569683.jpg\"><img loading=\"lazy\" decoding=\"async\" class=\" wp-image-6295 alignright\" src=\"https:\/\/agora.xtec.cat\/escolabacdecerdanya\/wp-content\/uploads\/usu1753\/2023\/11\/1699533569683-300x225.jpg\" alt=\"\" width=\"120\" height=\"80\" \/><\/a><\/p>\n<p style=\"text-align: justify;\">Tot i aix\u00ed no pod\u00edem deixar de fer una carrera per veure quin era el cotxe m\u00e9s r\u00e0pid. Vam baixar al pati, vam preparar el terreny i vam fer-la. Ens ho vam passar s\u00faper b\u00e9!<\/p>\n<p style=\"text-align: justify;\">Si voleu veure el v\u00eddeo de tot el proc\u00e9s, podeu accedir a la carpeta de <a href=\"https:\/\/drive.google.com\/drive\/folders\/1OrpDV5KJrs2SmY9TMmCheHO7wqIsF1q0\" target=\"_blank\" rel=\"noopener\">fotos de 3r<\/a> i anar a &#8220;01 V\u00eddeos&#8221;. Esperem que en gaudiu.<\/p>\n","protected":false},"excerpt":{"rendered":"<p>Els infants de 3r, dins del projecte d&#8217;energia i mat\u00e8ria, han dissenyat i constru\u00eft un vehicle propulsat per aire.<br \/>\n<a href=\"https:\/\/agora.xtec.cat\/escolabacdecerdanya\/wp-content\/uploads\/usu1753\/2023\/11\/1699533569839.jpg\"><\/a>Un cop acabats ens vam adonar que no es movien tal i com esper\u00e0vem i va caler canviar alguns elements: la canyeta per on buf\u00e0vem i&hellip;  <a href=\"https:\/\/agora.xtec.cat\/escolabacdecerdanya\/portada\/construim-un-vehicle-propulsat-per-aire\/\" title=\"Read Constru\u00efm un vehicle propulsat per aire\">Llegeix m\u00e9s\u00bb<\/a><\/p>\n","protected":false},"author":60,"featured_media":6296,"comment_status":"open","ping_status":"closed","sticky":false,"template":"","format":"standard","meta":{"_bbp_topic_count":0,"_bbp_reply_count":0,"_bbp_total_topic_count":0,"_bbp_total_reply_count":0,"_bbp_voice_count":0,"_bbp_anonymous_reply_count":0,"_bbp_topic_count_hidden":0,"_bbp_reply_count_hidden":0,"_bbp_forum_subforum_count":0,"footnotes":""},"categories":[12,4],"tags":[],"class_list":["post-6294","post","type-post","status-publish","format-standard","has-post-thumbnail","hentry","category-3r","category-portada"],"post_mailing_queue_ids":[],"_links":{"self":[{"href":"https:\/\/agora.xtec.cat\/escolabacdecerdanya\/wp-json\/wp\/v2\/posts\/6294","targetHints":{"allow":["GET"]}}],"collection":[{"href":"https:\/\/agora.xtec.cat\/escolabacdecerdanya\/wp-json\/wp\/v2\/posts"}],"about":[{"href":"https:\/\/agora.xtec.cat\/escolabacdecerdanya\/wp-json\/wp\/v2\/types\/post"}],"author":[{"embeddable":true,"href":"https:\/\/agora.xtec.cat\/escolabacdecerdanya\/wp-json\/wp\/v2\/users\/60"}],"replies":[{"embeddable":true,"href":"https:\/\/agora.xtec.cat\/escolabacdecerdanya\/wp-json\/wp\/v2\/comments?post=6294"}],"version-history":[{"count":6,"href":"https:\/\/agora.xtec.cat\/escolabacdecerdanya\/wp-json\/wp\/v2\/posts\/6294\/revisions"}],"predecessor-version":[{"id":6319,"href":"https:\/\/agora.xtec.cat\/escolabacdecerdanya\/wp-json\/wp\/v2\/posts\/6294\/revisions\/6319"}],"wp:featuredmedia":[{"embeddable":true,"href":"https:\/\/agora.xtec.cat\/escolabacdecerdanya\/wp-json\/wp\/v2\/media\/6296"}],"wp:attachment":[{"href":"https:\/\/agora.xtec.cat\/escolabacdecerdanya\/wp-json\/wp\/v2\/media?parent=6294"}],"wp:term":[{"taxonomy":"category","embeddable":true,"href":"https:\/\/agora.xtec.cat\/escolabacdecerdanya\/wp-json\/wp\/v2\/categories?post=6294"},{"taxonomy":"post_tag","embeddable":true,"href":"https:\/\/agora.xtec.cat\/escolabacdecerdanya\/wp-json\/wp\/v2\/tags?post=6294"}],"curies":[{"name":"wp","href":"https:\/\/api.w.org\/{rel}","templated":true}]}}