{"id":6269,"date":"2023-11-12T10:51:22","date_gmt":"2023-11-12T09:51:22","guid":{"rendered":"https:\/\/agora.xtec.cat\/escolabacdecerdanya\/?p=6269"},"modified":"2023-11-12T10:52:14","modified_gmt":"2023-11-12T09:52:14","slug":"el-llucanes-nova-comarca","status":"publish","type":"post","link":"https:\/\/agora.xtec.cat\/escolabacdecerdanya\/general\/el-llucanes-nova-comarca\/","title":{"rendered":"El Llu\u00e7an\u00e8s: nova comarca"},"content":{"rendered":"<p><a href=\"https:\/\/agora.xtec.cat\/escolabacdecerdanya\/wp-content\/uploads\/usu1753\/2023\/11\/llucanes.png\"><img loading=\"lazy\" decoding=\"async\" class=\"alignnone size-full wp-image-6270\" src=\"https:\/\/agora.xtec.cat\/escolabacdecerdanya\/wp-content\/uploads\/usu1753\/2023\/11\/llucanes.png\" alt=\"\" width=\"479\" height=\"273\" srcset=\"https:\/\/agora.xtec.cat\/escolabacdecerdanya\/wp-content\/uploads\/usu1753\/2023\/11\/llucanes.png 479w, https:\/\/agora.xtec.cat\/escolabacdecerdanya\/wp-content\/uploads\/usu1753\/2023\/11\/llucanes-300x171.png 300w\" sizes=\"auto, (max-width: 479px) 100vw, 479px\" \/><\/a><\/p>\n<p><span style=\"font-weight: 400;\">Des de fa unes setmanes a l\u2019aula de 4t hem estat mirat Catalunya des de l\u2019aire, fixant-nos en el relleu m\u00e9s important, els rius, les costes, les comarques\u2026 hem treballat molts mapes diferents i cada cop en sabem m\u00e9s del nostre territori!<\/span><\/p>\n<p><span style=\"font-weight: 400;\">Per exemple, sab\u00edeu que ja no tenim 42 comarques? Doncs si, hem descobert que tot just fa un mesos, el maig passat, es va crear una nova comarca a Catalunya, la n\u00famero 43: el Llu\u00e7an\u00e8s!<\/span><\/p>\n<p><span style=\"font-weight: 400;\">Us deixem un <a href=\"https:\/\/www.ccma.cat\/tv3\/sx3\/el-llucanes-una-nova-comarca\/video\/6218281\/\">v\u00eddeo<\/a> que us ho explica.<\/span><\/p>\n<p>Fins aviat!<\/p>\n","protected":false},"excerpt":{"rendered":"<p><a href=\"https:\/\/agora.xtec.cat\/escolabacdecerdanya\/wp-content\/uploads\/usu1753\/2023\/11\/llucanes.png\"><\/a><br \/>\nDes de fa unes setmanes a l\u2019aula de 4t hem estat mirat Catalunya des de l\u2019aire, fixant-nos en el relleu m\u00e9s important, els rius, les costes, les comarques\u2026 hem treballat molts mapes diferents i cada cop en sabem m\u00e9s del nostre territori!<br \/>\nPer exemple, sab\u00edeu&hellip;  <a href=\"https:\/\/agora.xtec.cat\/escolabacdecerdanya\/general\/el-llucanes-nova-comarca\/\" title=\"Read El Llu\u00e7an\u00e8s: nova comarca\">Llegeix m\u00e9s\u00bb<\/a><\/p>\n","protected":false},"author":59,"featured_media":6270,"comment_status":"open","ping_status":"closed","sticky":false,"template":"","format":"standard","meta":{"_bbp_topic_count":0,"_bbp_reply_count":0,"_bbp_total_topic_count":0,"_bbp_total_reply_count":0,"_bbp_voice_count":0,"_bbp_anonymous_reply_count":0,"_bbp_topic_count_hidden":0,"_bbp_reply_count_hidden":0,"_bbp_forum_subforum_count":0,"footnotes":""},"categories":[13,239,105,242,1,4],"tags":[],"class_list":["post-6269","post","type-post","status-publish","format-standard","has-post-thumbnail","hentry","category-4t","category-album-de-fotos","category-mitja","category-ft-cicle-mitja","category-general","category-portada"],"post_mailing_queue_ids":[],"_links":{"self":[{"href":"https:\/\/agora.xtec.cat\/escolabacdecerdanya\/wp-json\/wp\/v2\/posts\/6269","targetHints":{"allow":["GET"]}}],"collection":[{"href":"https:\/\/agora.xtec.cat\/escolabacdecerdanya\/wp-json\/wp\/v2\/posts"}],"about":[{"href":"https:\/\/agora.xtec.cat\/escolabacdecerdanya\/wp-json\/wp\/v2\/types\/post"}],"author":[{"embeddable":true,"href":"https:\/\/agora.xtec.cat\/escolabacdecerdanya\/wp-json\/wp\/v2\/users\/59"}],"replies":[{"embeddable":true,"href":"https:\/\/agora.xtec.cat\/escolabacdecerdanya\/wp-json\/wp\/v2\/comments?post=6269"}],"version-history":[{"count":2,"href":"https:\/\/agora.xtec.cat\/escolabacdecerdanya\/wp-json\/wp\/v2\/posts\/6269\/revisions"}],"predecessor-version":[{"id":6272,"href":"https:\/\/agora.xtec.cat\/escolabacdecerdanya\/wp-json\/wp\/v2\/posts\/6269\/revisions\/6272"}],"wp:featuredmedia":[{"embeddable":true,"href":"https:\/\/agora.xtec.cat\/escolabacdecerdanya\/wp-json\/wp\/v2\/media\/6270"}],"wp:attachment":[{"href":"https:\/\/agora.xtec.cat\/escolabacdecerdanya\/wp-json\/wp\/v2\/media?parent=6269"}],"wp:term":[{"taxonomy":"category","embeddable":true,"href":"https:\/\/agora.xtec.cat\/escolabacdecerdanya\/wp-json\/wp\/v2\/categories?post=6269"},{"taxonomy":"post_tag","embeddable":true,"href":"https:\/\/agora.xtec.cat\/escolabacdecerdanya\/wp-json\/wp\/v2\/tags?post=6269"}],"curies":[{"name":"wp","href":"https:\/\/api.w.org\/{rel}","templated":true}]}}