{"id":6239,"date":"2023-11-10T13:29:25","date_gmt":"2023-11-10T12:29:25","guid":{"rendered":"https:\/\/agora.xtec.cat\/escolabacdecerdanya\/?p=6239"},"modified":"2023-11-10T13:32:16","modified_gmt":"2023-11-10T12:32:16","slug":"mobil-als-12-anys-la-importancia-dels-limits-i-de-distingir-segons-ledat-i-maduresa","status":"publish","type":"post","link":"https:\/\/agora.xtec.cat\/escolabacdecerdanya\/general\/mobil-als-12-anys-la-importancia-dels-limits-i-de-distingir-segons-ledat-i-maduresa\/","title":{"rendered":"M\u00f2bil als 12 anys? La import\u00e0ncia dels l\u00edmits i de distingir segons l&#8217;edat i maduresa"},"content":{"rendered":"<h2 class=\"entradeta\">L&#8217;\u00fas dels tel\u00e8fons m\u00f2bils en edats primerenques posa en alerta fam\u00edlies, experts i escoles&#8230;<\/h2>\n<p><a href=\"https:\/\/agora.xtec.cat\/escolabacdecerdanya\/wp-content\/uploads\/usu1753\/2023\/11\/baixa.jpg\"><img loading=\"lazy\" decoding=\"async\" class=\"wp-image-6242 size-full alignleft\" src=\"https:\/\/agora.xtec.cat\/escolabacdecerdanya\/wp-content\/uploads\/usu1753\/2023\/11\/baixa.jpg\" alt=\"\" width=\"275\" height=\"183\" \/><\/a><a href=\"https:\/\/agora.xtec.cat\/escolabacdecerdanya\/wp-content\/uploads\/usu1753\/2023\/11\/qrcode_www.ccma_.cat_.png\"><img loading=\"lazy\" decoding=\"async\" class=\"alignleft wp-image-6244 \" src=\"https:\/\/agora.xtec.cat\/escolabacdecerdanya\/wp-content\/uploads\/usu1753\/2023\/11\/qrcode_www.ccma_.cat_-300x300.png\" alt=\"\" width=\"158\" height=\"158\" srcset=\"https:\/\/agora.xtec.cat\/escolabacdecerdanya\/wp-content\/uploads\/usu1753\/2023\/11\/qrcode_www.ccma_.cat_-300x300.png 300w, https:\/\/agora.xtec.cat\/escolabacdecerdanya\/wp-content\/uploads\/usu1753\/2023\/11\/qrcode_www.ccma_.cat_-150x150.png 150w, https:\/\/agora.xtec.cat\/escolabacdecerdanya\/wp-content\/uploads\/usu1753\/2023\/11\/qrcode_www.ccma_.cat_.png 570w\" sizes=\"auto, (max-width: 158px) 100vw, 158px\" \/><\/a><\/p>\n","protected":false},"excerpt":{"rendered":"<p>L&#8217;\u00fas dels tel\u00e8fons m\u00f2bils en edats primerenques posa en alerta fam\u00edlies, experts i escoles&#8230;<br \/>\n<a href=\"https:\/\/agora.xtec.cat\/escolabacdecerdanya\/wp-content\/uploads\/usu1753\/2023\/11\/baixa.jpg\"><\/a><a href=\"https:\/\/agora.xtec.cat\/escolabacdecerdanya\/wp-content\/uploads\/usu1753\/2023\/11\/qrcode_www.ccma_.cat_.png\"><\/a><\/p>\n","protected":false},"author":32,"featured_media":6242,"comment_status":"open","ping_status":"closed","sticky":false,"template":"","format":"standard","meta":{"_bbp_topic_count":0,"_bbp_reply_count":0,"_bbp_total_topic_count":0,"_bbp_total_reply_count":0,"_bbp_voice_count":0,"_bbp_anonymous_reply_count":0,"_bbp_topic_count_hidden":0,"_bbp_reply_count_hidden":0,"_bbp_forum_subforum_count":0,"footnotes":""},"categories":[60,1,61,4,116],"tags":[],"class_list":["post-6239","post","type-post","status-publish","format-standard","has-post-thumbnail","hentry","category-families","category-general","category-novetats","category-portada","category-tac"],"post_mailing_queue_ids":[],"_links":{"self":[{"href":"https:\/\/agora.xtec.cat\/escolabacdecerdanya\/wp-json\/wp\/v2\/posts\/6239","targetHints":{"allow":["GET"]}}],"collection":[{"href":"https:\/\/agora.xtec.cat\/escolabacdecerdanya\/wp-json\/wp\/v2\/posts"}],"about":[{"href":"https:\/\/agora.xtec.cat\/escolabacdecerdanya\/wp-json\/wp\/v2\/types\/post"}],"author":[{"embeddable":true,"href":"https:\/\/agora.xtec.cat\/escolabacdecerdanya\/wp-json\/wp\/v2\/users\/32"}],"replies":[{"embeddable":true,"href":"https:\/\/agora.xtec.cat\/escolabacdecerdanya\/wp-json\/wp\/v2\/comments?post=6239"}],"version-history":[{"count":3,"href":"https:\/\/agora.xtec.cat\/escolabacdecerdanya\/wp-json\/wp\/v2\/posts\/6239\/revisions"}],"predecessor-version":[{"id":6245,"href":"https:\/\/agora.xtec.cat\/escolabacdecerdanya\/wp-json\/wp\/v2\/posts\/6239\/revisions\/6245"}],"wp:featuredmedia":[{"embeddable":true,"href":"https:\/\/agora.xtec.cat\/escolabacdecerdanya\/wp-json\/wp\/v2\/media\/6242"}],"wp:attachment":[{"href":"https:\/\/agora.xtec.cat\/escolabacdecerdanya\/wp-json\/wp\/v2\/media?parent=6239"}],"wp:term":[{"taxonomy":"category","embeddable":true,"href":"https:\/\/agora.xtec.cat\/escolabacdecerdanya\/wp-json\/wp\/v2\/categories?post=6239"},{"taxonomy":"post_tag","embeddable":true,"href":"https:\/\/agora.xtec.cat\/escolabacdecerdanya\/wp-json\/wp\/v2\/tags?post=6239"}],"curies":[{"name":"wp","href":"https:\/\/api.w.org\/{rel}","templated":true}]}}