{"id":6228,"date":"2023-11-08T13:06:56","date_gmt":"2023-11-08T12:06:56","guid":{"rendered":"https:\/\/agora.xtec.cat\/escolabacdecerdanya\/?p=6228"},"modified":"2023-11-08T13:07:30","modified_gmt":"2023-11-08T12:07:30","slug":"xerrada-som-com-som","status":"publish","type":"post","link":"https:\/\/agora.xtec.cat\/escolabacdecerdanya\/general\/xerrada-som-com-som\/","title":{"rendered":"Xerrada \u201cSom com som\u201d"},"content":{"rendered":"<p style=\"text-align: justify;\">Avui ha vingut la Neus a la classe de Cicle Superior, que \u00e9s llevadora de l\u2019Hospital de Cerdanya, per fer una xerrada sobre \u201cAfectivitat i sexualitat\u201d. Ha sigut una estona agradable i on tots i totes han apr\u00e8s molt sobre aquest tema que desperta bastanta curiositat en aquestes edats i que permet con\u00e8ixer els canvis que far\u00e0 el cos a partir d\u2019ara, aix\u00ed com prevenir sobre els abusos sexuals.<\/p>\n<p><a href=\"https:\/\/agora.xtec.cat\/escolabacdecerdanya\/wp-content\/uploads\/usu1753\/2023\/11\/PHOTO-2023-11-08-11-36-50.jpg\"><img loading=\"lazy\" decoding=\"async\" class=\"alignnone size-full wp-image-6229\" src=\"https:\/\/agora.xtec.cat\/escolabacdecerdanya\/wp-content\/uploads\/usu1753\/2023\/11\/PHOTO-2023-11-08-11-36-50.jpg\" alt=\"\" width=\"1024\" height=\"768\" srcset=\"https:\/\/agora.xtec.cat\/escolabacdecerdanya\/wp-content\/uploads\/usu1753\/2023\/11\/PHOTO-2023-11-08-11-36-50.jpg 1024w, https:\/\/agora.xtec.cat\/escolabacdecerdanya\/wp-content\/uploads\/usu1753\/2023\/11\/PHOTO-2023-11-08-11-36-50-300x225.jpg 300w, https:\/\/agora.xtec.cat\/escolabacdecerdanya\/wp-content\/uploads\/usu1753\/2023\/11\/PHOTO-2023-11-08-11-36-50-768x576.jpg 768w, https:\/\/agora.xtec.cat\/escolabacdecerdanya\/wp-content\/uploads\/usu1753\/2023\/11\/PHOTO-2023-11-08-11-36-50-200x150.jpg 200w\" sizes=\"auto, (max-width: 1024px) 100vw, 1024px\" \/><\/a><\/p>\n","protected":false},"excerpt":{"rendered":"<p>Avui ha vingut la Neus a la classe de Cicle Superior, que \u00e9s llevadora de l\u2019Hospital de Cerdanya, per fer una xerrada sobre \u201cAfectivitat i sexualitat\u201d. Ha sigut una estona agradable i on tots i totes han apr\u00e8s molt sobre aquest tema que desperta bastanta&hellip;  <a href=\"https:\/\/agora.xtec.cat\/escolabacdecerdanya\/general\/xerrada-som-com-som\/\" title=\"Read Xerrada \u201cSom com som\u201d\">Llegeix m\u00e9s\u00bb<\/a><\/p>\n","protected":false},"author":29,"featured_media":6229,"comment_status":"open","ping_status":"closed","sticky":false,"template":"","format":"standard","meta":{"_bbp_topic_count":0,"_bbp_reply_count":0,"_bbp_total_topic_count":0,"_bbp_total_reply_count":0,"_bbp_voice_count":0,"_bbp_anonymous_reply_count":0,"_bbp_topic_count_hidden":0,"_bbp_reply_count_hidden":0,"_bbp_forum_subforum_count":0,"footnotes":""},"categories":[14,15,76,1,4],"tags":[],"class_list":["post-6228","post","type-post","status-publish","format-standard","has-post-thumbnail","hentry","category-5e","category-6e","category-cicle-superior","category-general","category-portada"],"post_mailing_queue_ids":[],"_links":{"self":[{"href":"https:\/\/agora.xtec.cat\/escolabacdecerdanya\/wp-json\/wp\/v2\/posts\/6228","targetHints":{"allow":["GET"]}}],"collection":[{"href":"https:\/\/agora.xtec.cat\/escolabacdecerdanya\/wp-json\/wp\/v2\/posts"}],"about":[{"href":"https:\/\/agora.xtec.cat\/escolabacdecerdanya\/wp-json\/wp\/v2\/types\/post"}],"author":[{"embeddable":true,"href":"https:\/\/agora.xtec.cat\/escolabacdecerdanya\/wp-json\/wp\/v2\/users\/29"}],"replies":[{"embeddable":true,"href":"https:\/\/agora.xtec.cat\/escolabacdecerdanya\/wp-json\/wp\/v2\/comments?post=6228"}],"version-history":[{"count":2,"href":"https:\/\/agora.xtec.cat\/escolabacdecerdanya\/wp-json\/wp\/v2\/posts\/6228\/revisions"}],"predecessor-version":[{"id":6231,"href":"https:\/\/agora.xtec.cat\/escolabacdecerdanya\/wp-json\/wp\/v2\/posts\/6228\/revisions\/6231"}],"wp:featuredmedia":[{"embeddable":true,"href":"https:\/\/agora.xtec.cat\/escolabacdecerdanya\/wp-json\/wp\/v2\/media\/6229"}],"wp:attachment":[{"href":"https:\/\/agora.xtec.cat\/escolabacdecerdanya\/wp-json\/wp\/v2\/media?parent=6228"}],"wp:term":[{"taxonomy":"category","embeddable":true,"href":"https:\/\/agora.xtec.cat\/escolabacdecerdanya\/wp-json\/wp\/v2\/categories?post=6228"},{"taxonomy":"post_tag","embeddable":true,"href":"https:\/\/agora.xtec.cat\/escolabacdecerdanya\/wp-json\/wp\/v2\/tags?post=6228"}],"curies":[{"name":"wp","href":"https:\/\/api.w.org\/{rel}","templated":true}]}}