{"id":6140,"date":"2023-10-27T16:43:50","date_gmt":"2023-10-27T14:43:50","guid":{"rendered":"https:\/\/agora.xtec.cat\/escolabacdecerdanya\/?p=6140"},"modified":"2023-10-27T16:59:17","modified_gmt":"2023-10-27T14:59:17","slug":"fi-de-la-setmana-cultural","status":"publish","type":"post","link":"https:\/\/agora.xtec.cat\/escolabacdecerdanya\/general\/fi-de-la-setmana-cultural\/","title":{"rendered":"FI DE LA SETMANA CULTURAL"},"content":{"rendered":"<p>De la m\u00e0 de la <strong>Dino i l&#8217;Explora<\/strong> hem apr\u00e8s moltes coses dels <strong>dinosaures<\/strong>. Nom\u00e9s cal que els demaneu als nostres <strong>petits exploradors<\/strong> qu\u00e8 en saben d&#8217;ells, dels seus despla\u00e7aments, de la seva alimentaci\u00f3, on vivien, com eren,&#8230;A m\u00e9s a m\u00e9s, hem jugat, hem cantat i hem excavat com si f\u00f3ssim uns aut\u00e8ntics paleont\u00f2legs. I com a cloenda final de la setmana cultural, hem fet una visita guiada al <strong>Jaciment paleontol\u00f2gic de Fumanya<\/strong> i a les <strong>mines de Cercs<\/strong>.<\/p>\n<p>Si cliqueu la <strong>imatge<\/strong> descobrireu un petit m\u00f3n de dinosaures!<\/p>\n<p><a href=\"https:\/\/agora.xtec.cat\/escolabacdecerdanya\/escola\/\"><img loading=\"lazy\" decoding=\"async\" class=\"aligncenter wp-image-6141 size-large\" src=\"https:\/\/agora.xtec.cat\/escolabacdecerdanya\/wp-content\/uploads\/usu1753\/2023\/10\/Tallers-dinosaures-2-682x1024.png\" alt=\"\" width=\"682\" height=\"1024\" srcset=\"https:\/\/agora.xtec.cat\/escolabacdecerdanya\/wp-content\/uploads\/usu1753\/2023\/10\/Tallers-dinosaures-2-682x1024.png 682w, https:\/\/agora.xtec.cat\/escolabacdecerdanya\/wp-content\/uploads\/usu1753\/2023\/10\/Tallers-dinosaures-2-200x300.png 200w, https:\/\/agora.xtec.cat\/escolabacdecerdanya\/wp-content\/uploads\/usu1753\/2023\/10\/Tallers-dinosaures-2-768x1152.png 768w, https:\/\/agora.xtec.cat\/escolabacdecerdanya\/wp-content\/uploads\/usu1753\/2023\/10\/Tallers-dinosaures-2-1024x1536.png 1024w, https:\/\/agora.xtec.cat\/escolabacdecerdanya\/wp-content\/uploads\/usu1753\/2023\/10\/Tallers-dinosaures-2.png 1333w\" sizes=\"auto, (max-width: 682px) 100vw, 682px\" \/><\/a><\/p>\n","protected":false},"excerpt":{"rendered":"<p>De la m\u00e0 de la Dino i l&#8217;Explora hem apr\u00e8s moltes coses dels dinosaures. Nom\u00e9s cal que els demaneu als nostres petits exploradors qu\u00e8 en saben d&#8217;ells, dels seus despla\u00e7aments, de la seva alimentaci\u00f3, on vivien, com eren,&#8230;A m\u00e9s a m\u00e9s, hem jugat, hem cantat&hellip;  <a href=\"https:\/\/agora.xtec.cat\/escolabacdecerdanya\/general\/fi-de-la-setmana-cultural\/\" title=\"Read FI DE LA SETMANA CULTURAL\">Llegeix m\u00e9s\u00bb<\/a><\/p>\n","protected":false},"author":6,"featured_media":6141,"comment_status":"open","ping_status":"closed","sticky":false,"template":"","format":"standard","meta":{"_bbp_topic_count":0,"_bbp_reply_count":0,"_bbp_total_topic_count":0,"_bbp_total_reply_count":0,"_bbp_voice_count":0,"_bbp_anonymous_reply_count":0,"_bbp_topic_count_hidden":0,"_bbp_reply_count_hidden":0,"_bbp_forum_subforum_count":0,"footnotes":""},"categories":[239,103,243,242,241,1,61,3,8,9,4,79],"tags":[],"class_list":["post-6140","post","type-post","status-publish","format-standard","has-post-thumbnail","hentry","category-album-de-fotos","category-infantil-2","category-ft-cicle-inicial","category-ft-cicle-mitja","category-ft-cicle-superior","category-general","category-novetats","category-p3","category-p4","category-p5","category-portada","category-setman-cultural"],"post_mailing_queue_ids":[],"_links":{"self":[{"href":"https:\/\/agora.xtec.cat\/escolabacdecerdanya\/wp-json\/wp\/v2\/posts\/6140","targetHints":{"allow":["GET"]}}],"collection":[{"href":"https:\/\/agora.xtec.cat\/escolabacdecerdanya\/wp-json\/wp\/v2\/posts"}],"about":[{"href":"https:\/\/agora.xtec.cat\/escolabacdecerdanya\/wp-json\/wp\/v2\/types\/post"}],"author":[{"embeddable":true,"href":"https:\/\/agora.xtec.cat\/escolabacdecerdanya\/wp-json\/wp\/v2\/users\/6"}],"replies":[{"embeddable":true,"href":"https:\/\/agora.xtec.cat\/escolabacdecerdanya\/wp-json\/wp\/v2\/comments?post=6140"}],"version-history":[{"count":6,"href":"https:\/\/agora.xtec.cat\/escolabacdecerdanya\/wp-json\/wp\/v2\/posts\/6140\/revisions"}],"predecessor-version":[{"id":6147,"href":"https:\/\/agora.xtec.cat\/escolabacdecerdanya\/wp-json\/wp\/v2\/posts\/6140\/revisions\/6147"}],"wp:featuredmedia":[{"embeddable":true,"href":"https:\/\/agora.xtec.cat\/escolabacdecerdanya\/wp-json\/wp\/v2\/media\/6141"}],"wp:attachment":[{"href":"https:\/\/agora.xtec.cat\/escolabacdecerdanya\/wp-json\/wp\/v2\/media?parent=6140"}],"wp:term":[{"taxonomy":"category","embeddable":true,"href":"https:\/\/agora.xtec.cat\/escolabacdecerdanya\/wp-json\/wp\/v2\/categories?post=6140"},{"taxonomy":"post_tag","embeddable":true,"href":"https:\/\/agora.xtec.cat\/escolabacdecerdanya\/wp-json\/wp\/v2\/tags?post=6140"}],"curies":[{"name":"wp","href":"https:\/\/api.w.org\/{rel}","templated":true}]}}