{"id":6052,"date":"2023-09-29T11:00:17","date_gmt":"2023-09-29T09:00:17","guid":{"rendered":"https:\/\/agora.xtec.cat\/escolabacdecerdanya\/?p=6052"},"modified":"2023-09-29T11:01:11","modified_gmt":"2023-09-29T09:01:11","slug":"sortida-a-lestany-de-malniu-5e-i-6e","status":"publish","type":"post","link":"https:\/\/agora.xtec.cat\/escolabacdecerdanya\/general\/sortida-a-lestany-de-malniu-5e-i-6e\/","title":{"rendered":"SORTIDA A L&#8217;ESTANY DE MALNIU. 5\u00e8 i 6\u00e8"},"content":{"rendered":"<p>Els alumnes de cicle superior, hem realitzat una sortida a peu d&#8217;uns 15 Km!<\/p>\n<p>L&#8217;autocar ens deixat a l&#8217;estaci\u00f3 d&#8217;esqu\u00ed de <span style=\"color: #ff0000;\">Guils-Fontanera<\/span>. D&#8217;all\u00e0, hem fet una pujada molt dura fins arribar al refugi de la Feixa, havent vist a m\u00e0 dreta les <span style=\"color: #008000;\">molleres<\/span>! Hem seguit fins a l&#8217;<span style=\"color: #0000ff;\">Estany de Malniu<\/span>, un paratge natural impressionant!<\/p>\n<p>Despr\u00e9s, hem continuat fins al refugi i poble de <span style=\"color: #ff6600;\">Meranges<\/span>!<\/p>\n<p>Ha estat un dia d&#8217;escola fant\u00e0stic, on hem conegut una mica m\u00e9s la nostra comarca!<\/p>\n<p><img loading=\"lazy\" decoding=\"async\" class=\"alignleft size-full wp-image-6055\" src=\"https:\/\/agora.xtec.cat\/escolabacdecerdanya\/wp-content\/uploads\/usu1753\/2023\/09\/Malniu-2-2.png\" alt=\"\" width=\"768\" height=\"373\" srcset=\"https:\/\/agora.xtec.cat\/escolabacdecerdanya\/wp-content\/uploads\/usu1753\/2023\/09\/Malniu-2-2.png 768w, https:\/\/agora.xtec.cat\/escolabacdecerdanya\/wp-content\/uploads\/usu1753\/2023\/09\/Malniu-2-2-300x146.png 300w\" sizes=\"auto, (max-width: 768px) 100vw, 768px\" \/><\/p>\n","protected":false},"excerpt":{"rendered":"<p>Els alumnes de cicle superior, hem realitzat una sortida a peu d&#8217;uns 15 Km!<br \/>\nL&#8217;autocar ens deixat a l&#8217;estaci\u00f3 d&#8217;esqu\u00ed de Guils-Fontanera. D&#8217;all\u00e0, hem fet una pujada molt dura fins arribar al refugi de la Feixa, havent vist a m\u00e0 dreta les molleres! Hem seguit fins&hellip;  <a href=\"https:\/\/agora.xtec.cat\/escolabacdecerdanya\/general\/sortida-a-lestany-de-malniu-5e-i-6e\/\" title=\"Read SORTIDA A L&#8217;ESTANY DE MALNIU. 5\u00e8 i 6\u00e8\">Llegeix m\u00e9s\u00bb<\/a><\/p>\n","protected":false},"author":1,"featured_media":6055,"comment_status":"open","ping_status":"closed","sticky":false,"template":"","format":"standard","meta":{"_bbp_topic_count":0,"_bbp_reply_count":0,"_bbp_total_topic_count":0,"_bbp_total_reply_count":0,"_bbp_voice_count":0,"_bbp_anonymous_reply_count":0,"_bbp_topic_count_hidden":0,"_bbp_reply_count_hidden":0,"_bbp_forum_subforum_count":0,"footnotes":""},"categories":[14,15,241,1,4,86],"tags":[],"class_list":["post-6052","post","type-post","status-publish","format-standard","has-post-thumbnail","hentry","category-5e","category-6e","category-ft-cicle-superior","category-general","category-portada","category-sortida"],"post_mailing_queue_ids":[],"_links":{"self":[{"href":"https:\/\/agora.xtec.cat\/escolabacdecerdanya\/wp-json\/wp\/v2\/posts\/6052","targetHints":{"allow":["GET"]}}],"collection":[{"href":"https:\/\/agora.xtec.cat\/escolabacdecerdanya\/wp-json\/wp\/v2\/posts"}],"about":[{"href":"https:\/\/agora.xtec.cat\/escolabacdecerdanya\/wp-json\/wp\/v2\/types\/post"}],"author":[{"embeddable":true,"href":"https:\/\/agora.xtec.cat\/escolabacdecerdanya\/wp-json\/wp\/v2\/users\/1"}],"replies":[{"embeddable":true,"href":"https:\/\/agora.xtec.cat\/escolabacdecerdanya\/wp-json\/wp\/v2\/comments?post=6052"}],"version-history":[{"count":1,"href":"https:\/\/agora.xtec.cat\/escolabacdecerdanya\/wp-json\/wp\/v2\/posts\/6052\/revisions"}],"predecessor-version":[{"id":6056,"href":"https:\/\/agora.xtec.cat\/escolabacdecerdanya\/wp-json\/wp\/v2\/posts\/6052\/revisions\/6056"}],"wp:featuredmedia":[{"embeddable":true,"href":"https:\/\/agora.xtec.cat\/escolabacdecerdanya\/wp-json\/wp\/v2\/media\/6055"}],"wp:attachment":[{"href":"https:\/\/agora.xtec.cat\/escolabacdecerdanya\/wp-json\/wp\/v2\/media?parent=6052"}],"wp:term":[{"taxonomy":"category","embeddable":true,"href":"https:\/\/agora.xtec.cat\/escolabacdecerdanya\/wp-json\/wp\/v2\/categories?post=6052"},{"taxonomy":"post_tag","embeddable":true,"href":"https:\/\/agora.xtec.cat\/escolabacdecerdanya\/wp-json\/wp\/v2\/tags?post=6052"}],"curies":[{"name":"wp","href":"https:\/\/api.w.org\/{rel}","templated":true}]}}