{"id":601,"date":"2013-02-13T11:06:00","date_gmt":"2013-02-13T10:06:00","guid":{"rendered":"http:\/\/agora.xtec.cat\/escolabacdecerdanya\/general\/festival-de-carnaval\/"},"modified":"2013-02-13T11:06:00","modified_gmt":"2013-02-13T10:06:00","slug":"festival-de-carnaval","status":"publish","type":"post","link":"https:\/\/agora.xtec.cat\/escolabacdecerdanya\/general\/festival-de-carnaval\/","title":{"rendered":"FESTIVAL DE CARNAVAL!!!"},"content":{"rendered":"<div style=\"color: white; margin-bottom: 0cm;\"><span style=\"font-size: large;\">Nens, nenes, pares, mares, amics, amigues, coneguts i conegudes&#8230; gaudiu de l&#8217;espectacle!<\/span><\/div>\n<div style=\"color: #274e13; margin-bottom: 0cm;\"><span style=\"font-size: large;\"><\/span><\/div>\n<div style=\"margin-bottom: 0cm;\"><span style=\"font-size: small;\">Cliqueu l&#8217;enlla\u00e7 per veure el v\u00eddeo! Est\u00e0 en tres parts&#8230;<\/span><\/p>\n<div style=\"clear: both; text-align: left;\"><img loading=\"lazy\" decoding=\"async\" border=\"0\" height=\"260\" src=\"http:\/\/4.bp.blogspot.com\/-mKqwlQL3PBI\/URtaSxW5j2I\/AAAAAAAADHw\/2kLFFFPeqsk\/s320\/portada.png\" width=\"320\" \/><\/div>\n<p><span style=\"font-size: small;\">&nbsp; <\/span><\/div>\n<p><b><span style=\"font-family: Georgia,&quot;Times New Roman&quot;,serif; font-size: large;\"><a href=\"http:\/\/youtu.be\/lHpAYSk-HAo\" target=\"_blank\">V\u00eddeo Carnaval Part 1<\/a><\/span><\/b><br \/><a href=\"http:\/\/www.youtube.com\/watch?v=Giwflxm5khA\"><b><span style=\"font-family: Georgia,&quot;Times New Roman&quot;,serif; font-size: large;\">V\u00eddeo Carnaval Part 2<\/span><\/b><\/a><br \/><a href=\"http:\/\/youtu.be\/WTyuODVWPkg\"><b><span style=\"font-family: Georgia,&quot;Times New Roman&quot;,serif; font-size: large;\"><\/span><\/b><\/a><b><span style=\"font-family: Georgia,&quot;Times New Roman&quot;,serif; font-size: large;\"><a href=\"http:\/\/www.youtube.com\/watch?v=WTyuODVWPkg\">V\u00eddeo Carnaval Part 3<\/a> <\/span><\/b><\/p>\n","protected":false},"excerpt":{"rendered":"<p>Nens, nenes, pares, mares, amics, amigues, coneguts i conegudes&#8230; gaudiu de l&#8217;espectacle!<\/p>\n<p>Cliqueu l&#8217;enlla\u00e7 per veure el v\u00eddeo! Est\u00e0 en tres parts&#8230;<\/p>\n<p>&nbsp;<br \/>\n<a href=\"http:\/\/youtu.be\/lHpAYSk-HAo\" target=\"_blank\">V\u00eddeo Carnaval Part 1<\/a><a href=\"http:\/\/www.youtube.com\/watch?v=Giwflxm5khA\">V\u00eddeo Carnaval Part 2<\/a><a href=\"http:\/\/youtu.be\/WTyuODVWPkg\"><\/a><a href=\"http:\/\/www.youtube.com\/watch?v=WTyuODVWPkg\">V\u00eddeo Carnaval Part 3<\/a> <\/p>\n","protected":false},"author":1,"featured_media":0,"comment_status":"open","ping_status":"closed","sticky":false,"template":"","format":"standard","meta":{"_bbp_topic_count":0,"_bbp_reply_count":0,"_bbp_total_topic_count":0,"_bbp_total_reply_count":0,"_bbp_voice_count":0,"_bbp_anonymous_reply_count":0,"_bbp_topic_count_hidden":0,"_bbp_reply_count_hidden":0,"_bbp_forum_subforum_count":0,"footnotes":""},"categories":[1],"tags":[],"class_list":["post-601","post","type-post","status-publish","format-standard","hentry","category-general"],"post_mailing_queue_ids":[],"_links":{"self":[{"href":"https:\/\/agora.xtec.cat\/escolabacdecerdanya\/wp-json\/wp\/v2\/posts\/601","targetHints":{"allow":["GET"]}}],"collection":[{"href":"https:\/\/agora.xtec.cat\/escolabacdecerdanya\/wp-json\/wp\/v2\/posts"}],"about":[{"href":"https:\/\/agora.xtec.cat\/escolabacdecerdanya\/wp-json\/wp\/v2\/types\/post"}],"author":[{"embeddable":true,"href":"https:\/\/agora.xtec.cat\/escolabacdecerdanya\/wp-json\/wp\/v2\/users\/1"}],"replies":[{"embeddable":true,"href":"https:\/\/agora.xtec.cat\/escolabacdecerdanya\/wp-json\/wp\/v2\/comments?post=601"}],"version-history":[{"count":0,"href":"https:\/\/agora.xtec.cat\/escolabacdecerdanya\/wp-json\/wp\/v2\/posts\/601\/revisions"}],"wp:attachment":[{"href":"https:\/\/agora.xtec.cat\/escolabacdecerdanya\/wp-json\/wp\/v2\/media?parent=601"}],"wp:term":[{"taxonomy":"category","embeddable":true,"href":"https:\/\/agora.xtec.cat\/escolabacdecerdanya\/wp-json\/wp\/v2\/categories?post=601"},{"taxonomy":"post_tag","embeddable":true,"href":"https:\/\/agora.xtec.cat\/escolabacdecerdanya\/wp-json\/wp\/v2\/tags?post=601"}],"curies":[{"name":"wp","href":"https:\/\/api.w.org\/{rel}","templated":true}]}}