{"id":5998,"date":"2023-09-23T17:27:47","date_gmt":"2023-09-23T15:27:47","guid":{"rendered":"https:\/\/agora.xtec.cat\/escolabacdecerdanya\/?p=5998"},"modified":"2023-09-23T17:28:45","modified_gmt":"2023-09-23T15:28:45","slug":"preparem-la-sortida-a-prat-de-cadi","status":"publish","type":"post","link":"https:\/\/agora.xtec.cat\/escolabacdecerdanya\/general\/preparem-la-sortida-a-prat-de-cadi\/","title":{"rendered":"Preparem la sortida a Prat de Cad\u00ed"},"content":{"rendered":"<p><a href=\"https:\/\/agora.xtec.cat\/escolabacdecerdanya\/wp-content\/uploads\/usu1753\/2023\/09\/Foto-de-Iris.jpg\"><img loading=\"lazy\" decoding=\"async\" class=\"wp-image-5986 size-medium\" src=\"https:\/\/agora.xtec.cat\/escolabacdecerdanya\/wp-content\/uploads\/usu1753\/2023\/09\/Foto-de-Iris-300x258.jpg\" alt=\"\" width=\"300\" height=\"258\" srcset=\"https:\/\/agora.xtec.cat\/escolabacdecerdanya\/wp-content\/uploads\/usu1753\/2023\/09\/Foto-de-Iris-300x258.jpg 300w, https:\/\/agora.xtec.cat\/escolabacdecerdanya\/wp-content\/uploads\/usu1753\/2023\/09\/Foto-de-Iris-1024x881.jpg 1024w, https:\/\/agora.xtec.cat\/escolabacdecerdanya\/wp-content\/uploads\/usu1753\/2023\/09\/Foto-de-Iris-768x660.jpg 768w, https:\/\/agora.xtec.cat\/escolabacdecerdanya\/wp-content\/uploads\/usu1753\/2023\/09\/Foto-de-Iris-1536x1321.jpg 1536w, https:\/\/agora.xtec.cat\/escolabacdecerdanya\/wp-content\/uploads\/usu1753\/2023\/09\/Foto-de-Iris.jpg 1728w\" sizes=\"auto, (max-width: 300px) 100vw, 300px\" \/><\/a><\/p>\n<p><span style=\"font-family: inherit; font-size: 1em;\">Amb el curs ja encetat, a l\u2019au<\/span><span style=\"font-family: inherit; font-size: 1em;\">la de 4t hem comen\u00e7at a treballar una de les sortides d\u2019entorn propere<\/span><span style=\"font-family: inherit; font-size: 1em;\">s: l\u2019excursi\u00f3 a Prat de Cad\u00ed.<\/span><\/p>\n<p><span style=\"font-weight: 400;\">Hem parlat sobre el recorregut, el desnivell, els animals que hi viuen, la vegetaci\u00f3\u2026i tamb\u00e9 hem descobert que aquest emblem\u00e0tic prat era un antic llac de l\u2019\u00e8poca glacial!<\/span><\/p>\n<p><span style=\"font-weight: 400;\">I us preguntareu\u2026per qu\u00e8 pengem la imatge de les branques d&#8217;un boix? Exacte, justament el que esteu pensant: a Prat de Cad\u00ed n\u2019hi ha for\u00e7a de boix! Sabeu que \u00e9s una de les fustes amb m\u00e9s duresa d\u2019aquestes contrades? I que t\u00e9 unes propietats que la fan ser molt especial\u2026?<\/span><\/p>\n<p><span style=\"font-weight: 400;\">De moment no us direm res m\u00e9s&#8230; les estem experimentant\u2026<\/span><\/p>\n<p><span style=\"font-weight: 400;\">Fins aviat!!<\/span><\/p>\n","protected":false},"excerpt":{"rendered":"<p><a href=\"https:\/\/agora.xtec.cat\/escolabacdecerdanya\/wp-content\/uploads\/usu1753\/2023\/09\/Foto-de-Iris.jpg\"><\/a><br \/>\nAmb el curs ja encetat, a l\u2019aula de 4t hem comen\u00e7at a treballar una de les sortides d\u2019entorn properes: l\u2019excursi\u00f3 a Prat de Cad\u00ed.<br \/>\nHem parlat sobre el recorregut, el desnivell, els animals que hi viuen, la vegetaci\u00f3\u2026i tamb\u00e9 hem descobert que aquest emblem\u00e0tic prat&hellip;  <a href=\"https:\/\/agora.xtec.cat\/escolabacdecerdanya\/general\/preparem-la-sortida-a-prat-de-cadi\/\" title=\"Read Preparem la sortida a Prat de Cad\u00ed\">Llegeix m\u00e9s\u00bb<\/a><\/p>\n","protected":false},"author":59,"featured_media":5986,"comment_status":"open","ping_status":"closed","sticky":false,"template":"","format":"standard","meta":{"_bbp_topic_count":0,"_bbp_reply_count":0,"_bbp_total_topic_count":0,"_bbp_total_reply_count":0,"_bbp_voice_count":0,"_bbp_anonymous_reply_count":0,"_bbp_topic_count_hidden":0,"_bbp_reply_count_hidden":0,"_bbp_forum_subforum_count":0,"footnotes":""},"categories":[13,239,105,242,1,4],"tags":[],"class_list":["post-5998","post","type-post","status-publish","format-standard","has-post-thumbnail","hentry","category-4t","category-album-de-fotos","category-mitja","category-ft-cicle-mitja","category-general","category-portada"],"post_mailing_queue_ids":[],"_links":{"self":[{"href":"https:\/\/agora.xtec.cat\/escolabacdecerdanya\/wp-json\/wp\/v2\/posts\/5998","targetHints":{"allow":["GET"]}}],"collection":[{"href":"https:\/\/agora.xtec.cat\/escolabacdecerdanya\/wp-json\/wp\/v2\/posts"}],"about":[{"href":"https:\/\/agora.xtec.cat\/escolabacdecerdanya\/wp-json\/wp\/v2\/types\/post"}],"author":[{"embeddable":true,"href":"https:\/\/agora.xtec.cat\/escolabacdecerdanya\/wp-json\/wp\/v2\/users\/59"}],"replies":[{"embeddable":true,"href":"https:\/\/agora.xtec.cat\/escolabacdecerdanya\/wp-json\/wp\/v2\/comments?post=5998"}],"version-history":[{"count":2,"href":"https:\/\/agora.xtec.cat\/escolabacdecerdanya\/wp-json\/wp\/v2\/posts\/5998\/revisions"}],"predecessor-version":[{"id":6000,"href":"https:\/\/agora.xtec.cat\/escolabacdecerdanya\/wp-json\/wp\/v2\/posts\/5998\/revisions\/6000"}],"wp:featuredmedia":[{"embeddable":true,"href":"https:\/\/agora.xtec.cat\/escolabacdecerdanya\/wp-json\/wp\/v2\/media\/5986"}],"wp:attachment":[{"href":"https:\/\/agora.xtec.cat\/escolabacdecerdanya\/wp-json\/wp\/v2\/media?parent=5998"}],"wp:term":[{"taxonomy":"category","embeddable":true,"href":"https:\/\/agora.xtec.cat\/escolabacdecerdanya\/wp-json\/wp\/v2\/categories?post=5998"},{"taxonomy":"post_tag","embeddable":true,"href":"https:\/\/agora.xtec.cat\/escolabacdecerdanya\/wp-json\/wp\/v2\/tags?post=5998"}],"curies":[{"name":"wp","href":"https:\/\/api.w.org\/{rel}","templated":true}]}}