{"id":597,"date":"2013-06-10T09:44:00","date_gmt":"2013-06-10T07:44:00","guid":{"rendered":"http:\/\/agora.xtec.cat\/escolabacdecerdanya\/general\/colonies-a-tamarit\/"},"modified":"2013-06-10T09:44:00","modified_gmt":"2013-06-10T07:44:00","slug":"colonies-a-tamarit","status":"publish","type":"post","link":"https:\/\/agora.xtec.cat\/escolabacdecerdanya\/general\/colonies-a-tamarit\/","title":{"rendered":"COL\u00d2NIES A TAMARIT"},"content":{"rendered":"<p><span style=\"font-family: Helvetica Neue, Arial, Helvetica, sans-serif;\">Ja hem anat a les <span style=\"color: #cc0000;\"><b>col\u00f2nies de Tamarit 2013<\/b><\/span>!&nbsp;<\/span><br \/><span style=\"font-family: Helvetica Neue, Arial, Helvetica, sans-serif;\">Ens ho vam passar genial!!! Se&#8217;ns va fer curt!<\/span><br \/><span style=\"font-family: Helvetica Neue, Arial, Helvetica, sans-serif;\">Aix\u00f2 ja s&#8217;acaba gent&#8230; per\u00f2 ara \u00e9s moment de gaudir de les fotos del viatge!<\/span><br \/><span style=\"font-family: Helvetica Neue, Arial, Helvetica, sans-serif;\">Un cop m\u00e9s, us recomanem que feu un cop d&#8217;ull als blocs dels cicles!<\/span><\/p>\n<p><span style=\"color: yellow; font-family: Georgia, Times New Roman, serif;\">A cicle inicial <a href=\"http:\/\/cicleinicialbac.blogspot.com.es\/2013\/06\/anem-de-colonies.html\">1<\/a><\/span><br \/><span style=\"color: yellow; font-family: Georgia, Times New Roman, serif;\">A cicle mitj\u00e0 <a href=\"https:\/\/plus.google.com\/106394944100688243374\/posts\/bQZC5dYmFkq\">1<\/a> <a href=\"https:\/\/plus.google.com\/106394944100688243374\/posts\/RzGfCvNLCHE\">2<\/a><\/span><br \/><span style=\"color: yellow; font-family: Georgia, Times New Roman, serif;\">A cicle superior <a href=\"http:\/\/csbacdecerdanya.blogspot.com.es\/2013\/06\/ja-hem-anat-de-colonies.html\">1<\/a> <a href=\"http:\/\/csbacdecerdanya.blogspot.com.es\/2013\/06\/2n-dia-de-colonies.html\">2<\/a> <a href=\"http:\/\/csbacdecerdanya.blogspot.com.es\/2013\/06\/3r-dia-de-colonies.html\">3<\/a><\/span><\/p>\n","protected":false},"excerpt":{"rendered":"<p>Ja hem anat a les col\u00f2nies de Tamarit 2013!&nbsp;Ens ho vam passar genial!!! Se&#8217;ns va fer curt!Aix\u00f2 ja s&#8217;acaba gent&#8230; per\u00f2 ara \u00e9s moment de gaudir de les fotos del viatge!Un cop m\u00e9s, us recomanem que feu un cop d&#8217;ull als blocs dels cicles!<br \/>\nA cicle&hellip;  <a href=\"https:\/\/agora.xtec.cat\/escolabacdecerdanya\/general\/colonies-a-tamarit\/\" title=\"Read COL\u00d2NIES A TAMARIT\">Llegeix m\u00e9s\u00bb<\/a><\/p>\n","protected":false},"author":1,"featured_media":0,"comment_status":"open","ping_status":"closed","sticky":false,"template":"","format":"standard","meta":{"_bbp_topic_count":0,"_bbp_reply_count":0,"_bbp_total_topic_count":0,"_bbp_total_reply_count":0,"_bbp_voice_count":0,"_bbp_anonymous_reply_count":0,"_bbp_topic_count_hidden":0,"_bbp_reply_count_hidden":0,"_bbp_forum_subforum_count":0,"footnotes":""},"categories":[1],"tags":[],"class_list":["post-597","post","type-post","status-publish","format-standard","hentry","category-general"],"post_mailing_queue_ids":[],"_links":{"self":[{"href":"https:\/\/agora.xtec.cat\/escolabacdecerdanya\/wp-json\/wp\/v2\/posts\/597","targetHints":{"allow":["GET"]}}],"collection":[{"href":"https:\/\/agora.xtec.cat\/escolabacdecerdanya\/wp-json\/wp\/v2\/posts"}],"about":[{"href":"https:\/\/agora.xtec.cat\/escolabacdecerdanya\/wp-json\/wp\/v2\/types\/post"}],"author":[{"embeddable":true,"href":"https:\/\/agora.xtec.cat\/escolabacdecerdanya\/wp-json\/wp\/v2\/users\/1"}],"replies":[{"embeddable":true,"href":"https:\/\/agora.xtec.cat\/escolabacdecerdanya\/wp-json\/wp\/v2\/comments?post=597"}],"version-history":[{"count":0,"href":"https:\/\/agora.xtec.cat\/escolabacdecerdanya\/wp-json\/wp\/v2\/posts\/597\/revisions"}],"wp:attachment":[{"href":"https:\/\/agora.xtec.cat\/escolabacdecerdanya\/wp-json\/wp\/v2\/media?parent=597"}],"wp:term":[{"taxonomy":"category","embeddable":true,"href":"https:\/\/agora.xtec.cat\/escolabacdecerdanya\/wp-json\/wp\/v2\/categories?post=597"},{"taxonomy":"post_tag","embeddable":true,"href":"https:\/\/agora.xtec.cat\/escolabacdecerdanya\/wp-json\/wp\/v2\/tags?post=597"}],"curies":[{"name":"wp","href":"https:\/\/api.w.org\/{rel}","templated":true}]}}