{"id":5946,"date":"2023-09-18T09:15:22","date_gmt":"2023-09-18T07:15:22","guid":{"rendered":"https:\/\/agora.xtec.cat\/escolabacdecerdanya\/?p=5946"},"modified":"2023-09-13T17:27:36","modified_gmt":"2023-09-13T15:27:36","slug":"obres-de-la-teulada-de-lescola","status":"publish","type":"post","link":"https:\/\/agora.xtec.cat\/escolabacdecerdanya\/general\/obres-de-la-teulada-de-lescola\/","title":{"rendered":"Obres de la teulada de l&#8217;escola."},"content":{"rendered":"<p><a href=\"https:\/\/agora.xtec.cat\/escolabacdecerdanya\/wp-content\/uploads\/usu1753\/2023\/09\/IMG-20230821-WA0012.jpg\"><img loading=\"lazy\" decoding=\"async\" class=\"wp-image-5957 alignleft\" src=\"https:\/\/agora.xtec.cat\/escolabacdecerdanya\/wp-content\/uploads\/usu1753\/2023\/09\/IMG-20230821-WA0012-768x1024.jpg\" alt=\"\" width=\"274\" height=\"365\" srcset=\"https:\/\/agora.xtec.cat\/escolabacdecerdanya\/wp-content\/uploads\/usu1753\/2023\/09\/IMG-20230821-WA0012-768x1024.jpg 768w, https:\/\/agora.xtec.cat\/escolabacdecerdanya\/wp-content\/uploads\/usu1753\/2023\/09\/IMG-20230821-WA0012-225x300.jpg 225w, https:\/\/agora.xtec.cat\/escolabacdecerdanya\/wp-content\/uploads\/usu1753\/2023\/09\/IMG-20230821-WA0012-1152x1536.jpg 1152w, https:\/\/agora.xtec.cat\/escolabacdecerdanya\/wp-content\/uploads\/usu1753\/2023\/09\/IMG-20230821-WA0012.jpg 1536w\" sizes=\"auto, (max-width: 274px) 100vw, 274px\" \/><\/a>Com ja sabeu tot l&#8217;estiu s&#8217;ha estat treballant en les obres de la nova teulada de l&#8217;escola.<\/p>\n<p>Durant les vacances s&#8217;han pogut acabar l&#8217;edifici principal, el de la cuina i el del menjador. Hem comen\u00e7at el curs i s&#8217;est\u00e0 acabant l&#8217;edifici de cicle inicial i el del gimn\u00e0s; \u00e9s per aix\u00f2 que en aquest moment els alumnes de 1r i 2n de prim\u00e0ria s&#8217;han traslladat a la biblioteca i a l&#8217;aula de 5\u00e8. Mentre durin les obres no podem fer servir aquests espais per seguretat per\u00f2 estem mooooooolt contents de poder estrenar teulada \ud83d\ude09<\/p>\n<p><a href=\"https:\/\/agora.xtec.cat\/escolabacdecerdanya\/wp-content\/uploads\/usu1753\/2023\/09\/IMG-20230824-WA0004.jpg\"><img loading=\"lazy\" decoding=\"async\" class=\"alignnone wp-image-5960\" src=\"https:\/\/agora.xtec.cat\/escolabacdecerdanya\/wp-content\/uploads\/usu1753\/2023\/09\/IMG-20230824-WA0004-1024x768.jpg\" alt=\"\" width=\"362\" height=\"272\" srcset=\"https:\/\/agora.xtec.cat\/escolabacdecerdanya\/wp-content\/uploads\/usu1753\/2023\/09\/IMG-20230824-WA0004-1024x768.jpg 1024w, https:\/\/agora.xtec.cat\/escolabacdecerdanya\/wp-content\/uploads\/usu1753\/2023\/09\/IMG-20230824-WA0004-300x225.jpg 300w, https:\/\/agora.xtec.cat\/escolabacdecerdanya\/wp-content\/uploads\/usu1753\/2023\/09\/IMG-20230824-WA0004-768x576.jpg 768w, https:\/\/agora.xtec.cat\/escolabacdecerdanya\/wp-content\/uploads\/usu1753\/2023\/09\/IMG-20230824-WA0004-1536x1152.jpg 1536w, https:\/\/agora.xtec.cat\/escolabacdecerdanya\/wp-content\/uploads\/usu1753\/2023\/09\/IMG-20230824-WA0004-200x150.jpg 200w, https:\/\/agora.xtec.cat\/escolabacdecerdanya\/wp-content\/uploads\/usu1753\/2023\/09\/IMG-20230824-WA0004.jpg 2048w\" sizes=\"auto, (max-width: 362px) 100vw, 362px\" \/>\u00a0 \u00a0 <\/a><a href=\"https:\/\/agora.xtec.cat\/escolabacdecerdanya\/wp-content\/uploads\/usu1753\/2023\/09\/IMG-20230821-WA0011.jpg\"><img loading=\"lazy\" decoding=\"async\" class=\"alignnone wp-image-5958\" src=\"https:\/\/agora.xtec.cat\/escolabacdecerdanya\/wp-content\/uploads\/usu1753\/2023\/09\/IMG-20230821-WA0011-1024x768.jpg\" alt=\"\" width=\"360\" height=\"270\" srcset=\"https:\/\/agora.xtec.cat\/escolabacdecerdanya\/wp-content\/uploads\/usu1753\/2023\/09\/IMG-20230821-WA0011-1024x768.jpg 1024w, https:\/\/agora.xtec.cat\/escolabacdecerdanya\/wp-content\/uploads\/usu1753\/2023\/09\/IMG-20230821-WA0011-300x225.jpg 300w, https:\/\/agora.xtec.cat\/escolabacdecerdanya\/wp-content\/uploads\/usu1753\/2023\/09\/IMG-20230821-WA0011-768x576.jpg 768w, https:\/\/agora.xtec.cat\/escolabacdecerdanya\/wp-content\/uploads\/usu1753\/2023\/09\/IMG-20230821-WA0011-1536x1152.jpg 1536w, https:\/\/agora.xtec.cat\/escolabacdecerdanya\/wp-content\/uploads\/usu1753\/2023\/09\/IMG-20230821-WA0011-200x150.jpg 200w, https:\/\/agora.xtec.cat\/escolabacdecerdanya\/wp-content\/uploads\/usu1753\/2023\/09\/IMG-20230821-WA0011.jpg 2048w\" sizes=\"auto, (max-width: 360px) 100vw, 360px\" \/><\/a><\/p>\n","protected":false},"excerpt":{"rendered":"<p><a href=\"https:\/\/agora.xtec.cat\/escolabacdecerdanya\/wp-content\/uploads\/usu1753\/2023\/09\/IMG-20230821-WA0012.jpg\"><\/a>Com ja sabeu tot l&#8217;estiu s&#8217;ha estat treballant en les obres de la nova teulada de l&#8217;escola.<br \/>\nDurant les vacances s&#8217;han pogut acabar l&#8217;edifici principal, el de la cuina i el del menjador. Hem comen\u00e7at el curs i s&#8217;est\u00e0 acabant l&#8217;edifici de cicle inicial i&hellip;  <a href=\"https:\/\/agora.xtec.cat\/escolabacdecerdanya\/general\/obres-de-la-teulada-de-lescola\/\" title=\"Read Obres de la teulada de l&#8217;escola.\">Llegeix m\u00e9s\u00bb<\/a><\/p>\n","protected":false},"author":8,"featured_media":5957,"comment_status":"open","ping_status":"closed","sticky":false,"template":"","format":"standard","meta":{"_bbp_topic_count":0,"_bbp_reply_count":0,"_bbp_total_topic_count":0,"_bbp_total_reply_count":0,"_bbp_voice_count":0,"_bbp_anonymous_reply_count":0,"_bbp_topic_count_hidden":0,"_bbp_reply_count_hidden":0,"_bbp_forum_subforum_count":0,"footnotes":""},"categories":[60,1,61,4],"tags":[],"class_list":["post-5946","post","type-post","status-publish","format-standard","has-post-thumbnail","hentry","category-families","category-general","category-novetats","category-portada"],"post_mailing_queue_ids":[],"_links":{"self":[{"href":"https:\/\/agora.xtec.cat\/escolabacdecerdanya\/wp-json\/wp\/v2\/posts\/5946","targetHints":{"allow":["GET"]}}],"collection":[{"href":"https:\/\/agora.xtec.cat\/escolabacdecerdanya\/wp-json\/wp\/v2\/posts"}],"about":[{"href":"https:\/\/agora.xtec.cat\/escolabacdecerdanya\/wp-json\/wp\/v2\/types\/post"}],"author":[{"embeddable":true,"href":"https:\/\/agora.xtec.cat\/escolabacdecerdanya\/wp-json\/wp\/v2\/users\/8"}],"replies":[{"embeddable":true,"href":"https:\/\/agora.xtec.cat\/escolabacdecerdanya\/wp-json\/wp\/v2\/comments?post=5946"}],"version-history":[{"count":2,"href":"https:\/\/agora.xtec.cat\/escolabacdecerdanya\/wp-json\/wp\/v2\/posts\/5946\/revisions"}],"predecessor-version":[{"id":5966,"href":"https:\/\/agora.xtec.cat\/escolabacdecerdanya\/wp-json\/wp\/v2\/posts\/5946\/revisions\/5966"}],"wp:featuredmedia":[{"embeddable":true,"href":"https:\/\/agora.xtec.cat\/escolabacdecerdanya\/wp-json\/wp\/v2\/media\/5957"}],"wp:attachment":[{"href":"https:\/\/agora.xtec.cat\/escolabacdecerdanya\/wp-json\/wp\/v2\/media?parent=5946"}],"wp:term":[{"taxonomy":"category","embeddable":true,"href":"https:\/\/agora.xtec.cat\/escolabacdecerdanya\/wp-json\/wp\/v2\/categories?post=5946"},{"taxonomy":"post_tag","embeddable":true,"href":"https:\/\/agora.xtec.cat\/escolabacdecerdanya\/wp-json\/wp\/v2\/tags?post=5946"}],"curies":[{"name":"wp","href":"https:\/\/api.w.org\/{rel}","templated":true}]}}