{"id":5935,"date":"2023-09-29T09:26:05","date_gmt":"2023-09-29T07:26:05","guid":{"rendered":"https:\/\/agora.xtec.cat\/escolabacdecerdanya\/?p=5935"},"modified":"2023-09-29T09:25:56","modified_gmt":"2023-09-29T07:25:56","slug":"aprendemos-vocabulario-del-cuerpo-humano","status":"publish","type":"post","link":"https:\/\/agora.xtec.cat\/escolabacdecerdanya\/general\/aprendemos-vocabulario-del-cuerpo-humano\/","title":{"rendered":"APRENDEMOS VOCABULARIO DEL CUERPO HUMANO"},"content":{"rendered":"<p>Esta semana, las ni\u00f1as y ni\u00f1os de 2\u00ba\u00a0 hemos aprendido a escribir las partes del cuerpo humano en lengua castellana. Hemos observado las diferencias entre c\u00f3mo se escribe en catal\u00e1n y en castellano. Hemos localizado las partes en nuestro propio cuerpo y en una imagen. Tambi\u00e9n hemos bailado la canci\u00f3n &#8220;Yo tengo un cuerpo&#8221; y ha sido muy divertido.<\/p>\n<p>&nbsp;<\/p>\n<p><img loading=\"lazy\" decoding=\"async\" class=\"alignnone wp-image-6045\" src=\"https:\/\/agora.xtec.cat\/escolabacdecerdanya\/wp-content\/uploads\/usu1753\/2023\/09\/PHOTO-2023-09-29-09-19-28-2.jpg\" alt=\"\" width=\"373\" height=\"280\" srcset=\"https:\/\/agora.xtec.cat\/escolabacdecerdanya\/wp-content\/uploads\/usu1753\/2023\/09\/PHOTO-2023-09-29-09-19-28-2.jpg 1024w, https:\/\/agora.xtec.cat\/escolabacdecerdanya\/wp-content\/uploads\/usu1753\/2023\/09\/PHOTO-2023-09-29-09-19-28-2-300x225.jpg 300w, https:\/\/agora.xtec.cat\/escolabacdecerdanya\/wp-content\/uploads\/usu1753\/2023\/09\/PHOTO-2023-09-29-09-19-28-2-768x576.jpg 768w, https:\/\/agora.xtec.cat\/escolabacdecerdanya\/wp-content\/uploads\/usu1753\/2023\/09\/PHOTO-2023-09-29-09-19-28-2-200x150.jpg 200w\" sizes=\"auto, (max-width: 373px) 100vw, 373px\" \/> <img loading=\"lazy\" decoding=\"async\" class=\"alignnone wp-image-6046\" src=\"https:\/\/agora.xtec.cat\/escolabacdecerdanya\/wp-content\/uploads\/usu1753\/2023\/09\/PHOTO-2023-09-29-09-19-28-3.jpg\" alt=\"\" width=\"372\" height=\"279\" srcset=\"https:\/\/agora.xtec.cat\/escolabacdecerdanya\/wp-content\/uploads\/usu1753\/2023\/09\/PHOTO-2023-09-29-09-19-28-3.jpg 1024w, https:\/\/agora.xtec.cat\/escolabacdecerdanya\/wp-content\/uploads\/usu1753\/2023\/09\/PHOTO-2023-09-29-09-19-28-3-300x225.jpg 300w, https:\/\/agora.xtec.cat\/escolabacdecerdanya\/wp-content\/uploads\/usu1753\/2023\/09\/PHOTO-2023-09-29-09-19-28-3-768x576.jpg 768w, https:\/\/agora.xtec.cat\/escolabacdecerdanya\/wp-content\/uploads\/usu1753\/2023\/09\/PHOTO-2023-09-29-09-19-28-3-200x150.jpg 200w\" sizes=\"auto, (max-width: 372px) 100vw, 372px\" \/> <img loading=\"lazy\" decoding=\"async\" class=\"alignnone wp-image-6047\" src=\"https:\/\/agora.xtec.cat\/escolabacdecerdanya\/wp-content\/uploads\/usu1753\/2023\/09\/PHOTO-2023-09-29-09-19-28.jpg\" alt=\"\" width=\"375\" height=\"281\" srcset=\"https:\/\/agora.xtec.cat\/escolabacdecerdanya\/wp-content\/uploads\/usu1753\/2023\/09\/PHOTO-2023-09-29-09-19-28.jpg 1024w, https:\/\/agora.xtec.cat\/escolabacdecerdanya\/wp-content\/uploads\/usu1753\/2023\/09\/PHOTO-2023-09-29-09-19-28-300x225.jpg 300w, https:\/\/agora.xtec.cat\/escolabacdecerdanya\/wp-content\/uploads\/usu1753\/2023\/09\/PHOTO-2023-09-29-09-19-28-768x576.jpg 768w, https:\/\/agora.xtec.cat\/escolabacdecerdanya\/wp-content\/uploads\/usu1753\/2023\/09\/PHOTO-2023-09-29-09-19-28-200x150.jpg 200w\" sizes=\"auto, (max-width: 375px) 100vw, 375px\" \/> <img loading=\"lazy\" decoding=\"async\" class=\"alignnone wp-image-6048\" src=\"https:\/\/agora.xtec.cat\/escolabacdecerdanya\/wp-content\/uploads\/usu1753\/2023\/09\/PHOTO-2023-09-29-09-19-29.jpg\" alt=\"\" width=\"373\" height=\"280\" srcset=\"https:\/\/agora.xtec.cat\/escolabacdecerdanya\/wp-content\/uploads\/usu1753\/2023\/09\/PHOTO-2023-09-29-09-19-29.jpg 1024w, https:\/\/agora.xtec.cat\/escolabacdecerdanya\/wp-content\/uploads\/usu1753\/2023\/09\/PHOTO-2023-09-29-09-19-29-300x225.jpg 300w, https:\/\/agora.xtec.cat\/escolabacdecerdanya\/wp-content\/uploads\/usu1753\/2023\/09\/PHOTO-2023-09-29-09-19-29-768x576.jpg 768w, https:\/\/agora.xtec.cat\/escolabacdecerdanya\/wp-content\/uploads\/usu1753\/2023\/09\/PHOTO-2023-09-29-09-19-29-200x150.jpg 200w\" sizes=\"auto, (max-width: 373px) 100vw, 373px\" \/><\/p>\n","protected":false},"excerpt":{"rendered":"<p>Esta semana, las ni\u00f1as y ni\u00f1os de 2\u00ba\u00a0 hemos aprendido a escribir las partes del cuerpo humano en lengua castellana. Hemos observado las diferencias entre c\u00f3mo se escribe en catal\u00e1n y en castellano. Hemos localizado las partes en nuestro propio cuerpo y en una imagen.&hellip;  <a href=\"https:\/\/agora.xtec.cat\/escolabacdecerdanya\/general\/aprendemos-vocabulario-del-cuerpo-humano\/\" title=\"Read APRENDEMOS VOCABULARIO DEL CUERPO HUMANO\">Llegeix m\u00e9s\u00bb<\/a><\/p>\n","protected":false},"author":19,"featured_media":6045,"comment_status":"open","ping_status":"closed","sticky":false,"template":"","format":"standard","meta":{"_bbp_topic_count":0,"_bbp_reply_count":0,"_bbp_total_topic_count":0,"_bbp_total_reply_count":0,"_bbp_voice_count":0,"_bbp_anonymous_reply_count":0,"_bbp_topic_count_hidden":0,"_bbp_reply_count_hidden":0,"_bbp_forum_subforum_count":0,"footnotes":""},"categories":[11,240,1,61,4],"tags":[],"class_list":["post-5935","post","type-post","status-publish","format-standard","has-post-thumbnail","hentry","category-2n","category-cicle-inicial","category-general","category-novetats","category-portada"],"post_mailing_queue_ids":[],"_links":{"self":[{"href":"https:\/\/agora.xtec.cat\/escolabacdecerdanya\/wp-json\/wp\/v2\/posts\/5935","targetHints":{"allow":["GET"]}}],"collection":[{"href":"https:\/\/agora.xtec.cat\/escolabacdecerdanya\/wp-json\/wp\/v2\/posts"}],"about":[{"href":"https:\/\/agora.xtec.cat\/escolabacdecerdanya\/wp-json\/wp\/v2\/types\/post"}],"author":[{"embeddable":true,"href":"https:\/\/agora.xtec.cat\/escolabacdecerdanya\/wp-json\/wp\/v2\/users\/19"}],"replies":[{"embeddable":true,"href":"https:\/\/agora.xtec.cat\/escolabacdecerdanya\/wp-json\/wp\/v2\/comments?post=5935"}],"version-history":[{"count":3,"href":"https:\/\/agora.xtec.cat\/escolabacdecerdanya\/wp-json\/wp\/v2\/posts\/5935\/revisions"}],"predecessor-version":[{"id":6050,"href":"https:\/\/agora.xtec.cat\/escolabacdecerdanya\/wp-json\/wp\/v2\/posts\/5935\/revisions\/6050"}],"wp:featuredmedia":[{"embeddable":true,"href":"https:\/\/agora.xtec.cat\/escolabacdecerdanya\/wp-json\/wp\/v2\/media\/6045"}],"wp:attachment":[{"href":"https:\/\/agora.xtec.cat\/escolabacdecerdanya\/wp-json\/wp\/v2\/media?parent=5935"}],"wp:term":[{"taxonomy":"category","embeddable":true,"href":"https:\/\/agora.xtec.cat\/escolabacdecerdanya\/wp-json\/wp\/v2\/categories?post=5935"},{"taxonomy":"post_tag","embeddable":true,"href":"https:\/\/agora.xtec.cat\/escolabacdecerdanya\/wp-json\/wp\/v2\/tags?post=5935"}],"curies":[{"name":"wp","href":"https:\/\/api.w.org\/{rel}","templated":true}]}}