{"id":5934,"date":"2023-09-27T19:54:04","date_gmt":"2023-09-27T17:54:04","guid":{"rendered":"https:\/\/agora.xtec.cat\/escolabacdecerdanya\/?p=5934"},"modified":"2023-09-27T20:22:34","modified_gmt":"2023-09-27T18:22:34","slug":"dexcursio-al-sender-a-la-ribera-dalp%f0%9f%a5%be%f0%9f%8d%82%f0%9f%8d%81","status":"publish","type":"post","link":"https:\/\/agora.xtec.cat\/escolabacdecerdanya\/general\/dexcursio-al-sender-a-la-ribera-dalp%f0%9f%a5%be%f0%9f%8d%82%f0%9f%8d%81\/","title":{"rendered":"D&#8217;excursi\u00f3 al Sender de la Ribera d&#8217;Alp\ud83e\udd7e\ud83c\udf42\ud83c\udf41"},"content":{"rendered":"<p>Per con\u00e8ixer el nostre entorn, els infants de cicle inicial, avui hem anat d&#8217;excursi\u00f3 al Sender de la Ribera d&#8217;Alp.\u00a0 Ens ha acompanyat un educador del Parc Natural del Cad\u00ed Moixer\u00f3.<\/p>\n<p>Des de La Molina hem baixat caminant pel Sender 732 fins a Alp.\u00a0 Ens hem cansat una mica per\u00f2 ens ho hem passat molt b\u00e9, i hem apr\u00e8s moltes coses.\u00a0 Hem trobat algun bolet, caus d&#8217;animals, moltes avellanes&#8230;<\/p>\n<p><a href=\"https:\/\/agora.xtec.cat\/escolabacdecerdanya\/wp-content\/uploads\/usu1753\/2023\/09\/IMG-20230927-WA0004.jpg\"><img loading=\"lazy\" decoding=\"async\" class=\"alignnone size-large wp-image-6004\" src=\"https:\/\/agora.xtec.cat\/escolabacdecerdanya\/wp-content\/uploads\/usu1753\/2023\/09\/IMG-20230927-WA0004-1024x759.jpg\" alt=\"\" width=\"1024\" height=\"759\" srcset=\"https:\/\/agora.xtec.cat\/escolabacdecerdanya\/wp-content\/uploads\/usu1753\/2023\/09\/IMG-20230927-WA0004-1024x759.jpg 1024w, https:\/\/agora.xtec.cat\/escolabacdecerdanya\/wp-content\/uploads\/usu1753\/2023\/09\/IMG-20230927-WA0004-300x222.jpg 300w, https:\/\/agora.xtec.cat\/escolabacdecerdanya\/wp-content\/uploads\/usu1753\/2023\/09\/IMG-20230927-WA0004-768x569.jpg 768w, https:\/\/agora.xtec.cat\/escolabacdecerdanya\/wp-content\/uploads\/usu1753\/2023\/09\/IMG-20230927-WA0004-1536x1139.jpg 1536w, https:\/\/agora.xtec.cat\/escolabacdecerdanya\/wp-content\/uploads\/usu1753\/2023\/09\/IMG-20230927-WA0004.jpg 2048w\" sizes=\"auto, (max-width: 1024px) 100vw, 1024px\" \/><\/a> <a href=\"https:\/\/agora.xtec.cat\/escolabacdecerdanya\/wp-content\/uploads\/usu1753\/2023\/09\/IMG-20230927-WA0005.jpg\"><img loading=\"lazy\" decoding=\"async\" class=\"alignnone size-large wp-image-6005\" src=\"https:\/\/agora.xtec.cat\/escolabacdecerdanya\/wp-content\/uploads\/usu1753\/2023\/09\/IMG-20230927-WA0005-768x1024.jpg\" alt=\"\" width=\"768\" height=\"1024\" srcset=\"https:\/\/agora.xtec.cat\/escolabacdecerdanya\/wp-content\/uploads\/usu1753\/2023\/09\/IMG-20230927-WA0005-768x1024.jpg 768w, https:\/\/agora.xtec.cat\/escolabacdecerdanya\/wp-content\/uploads\/usu1753\/2023\/09\/IMG-20230927-WA0005-225x300.jpg 225w, https:\/\/agora.xtec.cat\/escolabacdecerdanya\/wp-content\/uploads\/usu1753\/2023\/09\/IMG-20230927-WA0005-1152x1536.jpg 1152w, https:\/\/agora.xtec.cat\/escolabacdecerdanya\/wp-content\/uploads\/usu1753\/2023\/09\/IMG-20230927-WA0005.jpg 1536w\" sizes=\"auto, (max-width: 768px) 100vw, 768px\" \/><\/a><\/p>\n","protected":false},"excerpt":{"rendered":"<p>Per con\u00e8ixer el nostre entorn, els infants de cicle inicial, avui hem anat d&#8217;excursi\u00f3 al Sender de la Ribera d&#8217;Alp.\u00a0 Ens ha acompanyat un educador del Parc Natural del Cad\u00ed Moixer\u00f3.<br \/>\nDes de La Molina hem baixat caminant pel Sender 732 fins a Alp.\u00a0 Ens hem&hellip;  <a href=\"https:\/\/agora.xtec.cat\/escolabacdecerdanya\/general\/dexcursio-al-sender-a-la-ribera-dalp%f0%9f%a5%be%f0%9f%8d%82%f0%9f%8d%81\/\" title=\"Read D&#8217;excursi\u00f3 al Sender de la Ribera d&#8217;Alp\ud83e\udd7e\ud83c\udf42\ud83c\udf41\">Llegeix m\u00e9s\u00bb<\/a><\/p>\n","protected":false},"author":13,"featured_media":6004,"comment_status":"open","ping_status":"closed","sticky":false,"template":"","format":"standard","meta":{"_bbp_topic_count":0,"_bbp_reply_count":0,"_bbp_total_topic_count":0,"_bbp_total_reply_count":0,"_bbp_voice_count":0,"_bbp_anonymous_reply_count":0,"_bbp_topic_count_hidden":0,"_bbp_reply_count_hidden":0,"_bbp_forum_subforum_count":0,"footnotes":""},"categories":[104,1,61,4],"tags":[],"class_list":["post-5934","post","type-post","status-publish","format-standard","has-post-thumbnail","hentry","category-inicial","category-general","category-novetats","category-portada"],"post_mailing_queue_ids":[],"_links":{"self":[{"href":"https:\/\/agora.xtec.cat\/escolabacdecerdanya\/wp-json\/wp\/v2\/posts\/5934","targetHints":{"allow":["GET"]}}],"collection":[{"href":"https:\/\/agora.xtec.cat\/escolabacdecerdanya\/wp-json\/wp\/v2\/posts"}],"about":[{"href":"https:\/\/agora.xtec.cat\/escolabacdecerdanya\/wp-json\/wp\/v2\/types\/post"}],"author":[{"embeddable":true,"href":"https:\/\/agora.xtec.cat\/escolabacdecerdanya\/wp-json\/wp\/v2\/users\/13"}],"replies":[{"embeddable":true,"href":"https:\/\/agora.xtec.cat\/escolabacdecerdanya\/wp-json\/wp\/v2\/comments?post=5934"}],"version-history":[{"count":3,"href":"https:\/\/agora.xtec.cat\/escolabacdecerdanya\/wp-json\/wp\/v2\/posts\/5934\/revisions"}],"predecessor-version":[{"id":6007,"href":"https:\/\/agora.xtec.cat\/escolabacdecerdanya\/wp-json\/wp\/v2\/posts\/5934\/revisions\/6007"}],"wp:featuredmedia":[{"embeddable":true,"href":"https:\/\/agora.xtec.cat\/escolabacdecerdanya\/wp-json\/wp\/v2\/media\/6004"}],"wp:attachment":[{"href":"https:\/\/agora.xtec.cat\/escolabacdecerdanya\/wp-json\/wp\/v2\/media?parent=5934"}],"wp:term":[{"taxonomy":"category","embeddable":true,"href":"https:\/\/agora.xtec.cat\/escolabacdecerdanya\/wp-json\/wp\/v2\/categories?post=5934"},{"taxonomy":"post_tag","embeddable":true,"href":"https:\/\/agora.xtec.cat\/escolabacdecerdanya\/wp-json\/wp\/v2\/tags?post=5934"}],"curies":[{"name":"wp","href":"https:\/\/api.w.org\/{rel}","templated":true}]}}