{"id":592,"date":"2013-11-18T19:04:00","date_gmt":"2013-11-18T18:04:00","guid":{"rendered":"http:\/\/agora.xtec.cat\/escolabacdecerdanya\/general\/setmana-cultural-literaria\/"},"modified":"2013-11-18T19:04:00","modified_gmt":"2013-11-18T18:04:00","slug":"setmana-cultural-literaria","status":"publish","type":"post","link":"https:\/\/agora.xtec.cat\/escolabacdecerdanya\/general\/setmana-cultural-literaria\/","title":{"rendered":"SETMANA CULTURAL LITER\u00c0RIA"},"content":{"rendered":"<p><span style=\"font-family: Trebuchet MS, sans-serif;\">Enguany, hem destinat la setmana cultural a treballar la literatura infantil. El nom escollit ha estat &#8220;Comptes, comtes i contes&#8221;. Els alumnes de l&#8217;escola no s&#8217;ho esperaven i s&#8217;ho han passat d&#8217;all\u00f2 m\u00e9s b\u00e9!&nbsp;<\/span><br \/><span style=\"font-family: Trebuchet MS, sans-serif;\">Hem treballat els contes, les auques, les rondalles, les llegendes&#8230; i l&#8217;\u00faltim dia vam gaudir de la visita de la Merc\u00e8 Ar\u00e0nega i en Jordi Tonietti!<\/span><br \/><span style=\"font-family: Trebuchet MS, sans-serif;\">Una setmana&#8230; diferent!!!<\/span><br \/><span style=\"font-family: Trebuchet MS, sans-serif;\"><br \/><\/span><\/p>\n<div style=\"clear: both; text-align: center;\"><a href=\"http:\/\/4.bp.blogspot.com\/-d0NvmaYCbbc\/UopITsOknWI\/AAAAAAAAEzo\/Zl5YkKxyUU0\/s1600\/DSCN5000.JPG\" style=\"clear: left; float: left; margin-bottom: 1em; margin-right: 1em; text-align: left;\"><img loading=\"lazy\" decoding=\"async\" border=\"0\" height=\"200\" src=\"http:\/\/4.bp.blogspot.com\/-d0NvmaYCbbc\/UopITsOknWI\/AAAAAAAAEzo\/Zl5YkKxyUU0\/s200\/DSCN5000.JPG\" width=\"150\" \/><\/a><\/div>\n<div style=\"margin-left: 1em; margin-right: 1em; text-align: left;\"><a href=\"http:\/\/1.bp.blogspot.com\/-A8EBdVjA318\/UopISx9KPiI\/AAAAAAAAEzk\/86jyS3mNSjs\/s1600\/IMGP9257.JPG\" style=\"margin-left: 1em; margin-right: 1em;\"><\/a><a href=\"http:\/\/1.bp.blogspot.com\/-A8EBdVjA318\/UopISx9KPiI\/AAAAAAAAEzk\/86jyS3mNSjs\/s1600\/IMGP9257.JPG\" style=\"margin-left: 1em; margin-right: 1em;\"><img loading=\"lazy\" decoding=\"async\" border=\"0\" height=\"150\" src=\"http:\/\/1.bp.blogspot.com\/-A8EBdVjA318\/UopISx9KPiI\/AAAAAAAAEzk\/86jyS3mNSjs\/s200\/IMGP9257.JPG\" width=\"200\" \/><\/a><\/div>\n<p><span style=\"font-family: Trebuchet MS, sans-serif;\"><br \/><\/span><span style=\"font-family: Trebuchet MS, sans-serif;\"><br \/><\/span><\/p>\n","protected":false},"excerpt":{"rendered":"<p>Enguany, hem destinat la setmana cultural a treballar la literatura infantil. El nom escollit ha estat &#8220;Comptes, comtes i contes&#8221;. Els alumnes de l&#8217;escola no s&#8217;ho esperaven i s&#8217;ho han passat d&#8217;all\u00f2 m\u00e9s b\u00e9!&nbsp;Hem treballat els contes, les auques, les rondalles, les llegendes&#8230; i l&#8217;\u00faltim&hellip;  <a href=\"https:\/\/agora.xtec.cat\/escolabacdecerdanya\/general\/setmana-cultural-literaria\/\" title=\"Read SETMANA CULTURAL LITER\u00c0RIA\">Llegeix m\u00e9s\u00bb<\/a><\/p>\n","protected":false},"author":1,"featured_media":0,"comment_status":"open","ping_status":"closed","sticky":false,"template":"","format":"standard","meta":{"_bbp_topic_count":0,"_bbp_reply_count":0,"_bbp_total_topic_count":0,"_bbp_total_reply_count":0,"_bbp_voice_count":0,"_bbp_anonymous_reply_count":0,"_bbp_topic_count_hidden":0,"_bbp_reply_count_hidden":0,"_bbp_forum_subforum_count":0,"footnotes":""},"categories":[1],"tags":[],"class_list":["post-592","post","type-post","status-publish","format-standard","hentry","category-general"],"post_mailing_queue_ids":[],"_links":{"self":[{"href":"https:\/\/agora.xtec.cat\/escolabacdecerdanya\/wp-json\/wp\/v2\/posts\/592","targetHints":{"allow":["GET"]}}],"collection":[{"href":"https:\/\/agora.xtec.cat\/escolabacdecerdanya\/wp-json\/wp\/v2\/posts"}],"about":[{"href":"https:\/\/agora.xtec.cat\/escolabacdecerdanya\/wp-json\/wp\/v2\/types\/post"}],"author":[{"embeddable":true,"href":"https:\/\/agora.xtec.cat\/escolabacdecerdanya\/wp-json\/wp\/v2\/users\/1"}],"replies":[{"embeddable":true,"href":"https:\/\/agora.xtec.cat\/escolabacdecerdanya\/wp-json\/wp\/v2\/comments?post=592"}],"version-history":[{"count":0,"href":"https:\/\/agora.xtec.cat\/escolabacdecerdanya\/wp-json\/wp\/v2\/posts\/592\/revisions"}],"wp:attachment":[{"href":"https:\/\/agora.xtec.cat\/escolabacdecerdanya\/wp-json\/wp\/v2\/media?parent=592"}],"wp:term":[{"taxonomy":"category","embeddable":true,"href":"https:\/\/agora.xtec.cat\/escolabacdecerdanya\/wp-json\/wp\/v2\/categories?post=592"},{"taxonomy":"post_tag","embeddable":true,"href":"https:\/\/agora.xtec.cat\/escolabacdecerdanya\/wp-json\/wp\/v2\/tags?post=592"}],"curies":[{"name":"wp","href":"https:\/\/api.w.org\/{rel}","templated":true}]}}