{"id":5881,"date":"2023-06-23T11:07:42","date_gmt":"2023-06-23T09:07:42","guid":{"rendered":"https:\/\/agora.xtec.cat\/escolabacdecerdanya\/?p=5881"},"modified":"2023-06-23T11:10:42","modified_gmt":"2023-06-23T09:10:42","slug":"a-nedar","status":"publish","type":"post","link":"https:\/\/agora.xtec.cat\/escolabacdecerdanya\/general\/a-nedar\/","title":{"rendered":"A NEDAR!!!"},"content":{"rendered":"<p>Com cada curs els nens i les nenes d&#8217;Educaci\u00f3 Infantil i Cicle Inicial hem anat a la piscina del Poliesportiu de Puigcerd\u00e0. Hem fet 9 sessions, els divendres al mat\u00ed.<\/p>\n<p>Els m\u00e9s petits han tingut el seu primer contacte i mica a mica han perdut pors i han aconseguit passar-s&#8217;ho pipa, els mitjans han continuant aprenent a moure&#8217;s en el medi acu\u00e0tic i els m\u00e9s grans han perfeccionat i han apr\u00e8s a nedar en diferents estils.<\/p>\n<p>Qu\u00e8 divertit \u00e9s mouren&#8217;s dins l&#8217;aigua!!!<a href=\"https:\/\/drive.google.com\/drive\/folders\/1VIaql9fg6Xbr5FjXfmKOTCh7FC-rfpv_?usp=drive_link\"><img loading=\"lazy\" decoding=\"async\" class=\"alignnone size-large wp-image-5885\" src=\"https:\/\/agora.xtec.cat\/escolabacdecerdanya\/wp-content\/uploads\/usu1753\/2023\/06\/IMG_20230609_115100-1024x577.jpg\" alt=\"\" width=\"1024\" height=\"577\" srcset=\"https:\/\/agora.xtec.cat\/escolabacdecerdanya\/wp-content\/uploads\/usu1753\/2023\/06\/IMG_20230609_115100-1024x577.jpg 1024w, https:\/\/agora.xtec.cat\/escolabacdecerdanya\/wp-content\/uploads\/usu1753\/2023\/06\/IMG_20230609_115100-300x169.jpg 300w, https:\/\/agora.xtec.cat\/escolabacdecerdanya\/wp-content\/uploads\/usu1753\/2023\/06\/IMG_20230609_115100-768x432.jpg 768w, https:\/\/agora.xtec.cat\/escolabacdecerdanya\/wp-content\/uploads\/usu1753\/2023\/06\/IMG_20230609_115100-1536x865.jpg 1536w, https:\/\/agora.xtec.cat\/escolabacdecerdanya\/wp-content\/uploads\/usu1753\/2023\/06\/IMG_20230609_115100.jpg 2000w\" sizes=\"auto, (max-width: 1024px) 100vw, 1024px\" \/><\/a><\/p>\n","protected":false},"excerpt":{"rendered":"<p>Com cada curs els nens i les nenes d&#8217;Educaci\u00f3 Infantil i Cicle Inicial hem anat a la piscina del Poliesportiu de Puigcerd\u00e0. Hem fet 9 sessions, els divendres al mat\u00ed.<br \/>\nEls m\u00e9s petits han tingut el seu primer contacte i mica a mica han perdut pors&hellip;  <a href=\"https:\/\/agora.xtec.cat\/escolabacdecerdanya\/general\/a-nedar\/\" title=\"Read A NEDAR!!!\">Llegeix m\u00e9s\u00bb<\/a><\/p>\n","protected":false},"author":10,"featured_media":5885,"comment_status":"open","ping_status":"closed","sticky":false,"template":"","format":"standard","meta":{"_bbp_topic_count":0,"_bbp_reply_count":0,"_bbp_total_topic_count":0,"_bbp_total_reply_count":0,"_bbp_voice_count":0,"_bbp_anonymous_reply_count":0,"_bbp_topic_count_hidden":0,"_bbp_reply_count_hidden":0,"_bbp_forum_subforum_count":0,"footnotes":""},"categories":[10,11,104,240,103,1,61,3,8,9,4],"tags":[],"class_list":["post-5881","post","type-post","status-publish","format-standard","has-post-thumbnail","hentry","category-1r","category-2n","category-inicial","category-cicle-inicial","category-infantil-2","category-general","category-novetats","category-p3","category-p4","category-p5","category-portada"],"post_mailing_queue_ids":[],"_links":{"self":[{"href":"https:\/\/agora.xtec.cat\/escolabacdecerdanya\/wp-json\/wp\/v2\/posts\/5881","targetHints":{"allow":["GET"]}}],"collection":[{"href":"https:\/\/agora.xtec.cat\/escolabacdecerdanya\/wp-json\/wp\/v2\/posts"}],"about":[{"href":"https:\/\/agora.xtec.cat\/escolabacdecerdanya\/wp-json\/wp\/v2\/types\/post"}],"author":[{"embeddable":true,"href":"https:\/\/agora.xtec.cat\/escolabacdecerdanya\/wp-json\/wp\/v2\/users\/10"}],"replies":[{"embeddable":true,"href":"https:\/\/agora.xtec.cat\/escolabacdecerdanya\/wp-json\/wp\/v2\/comments?post=5881"}],"version-history":[{"count":1,"href":"https:\/\/agora.xtec.cat\/escolabacdecerdanya\/wp-json\/wp\/v2\/posts\/5881\/revisions"}],"predecessor-version":[{"id":5886,"href":"https:\/\/agora.xtec.cat\/escolabacdecerdanya\/wp-json\/wp\/v2\/posts\/5881\/revisions\/5886"}],"wp:featuredmedia":[{"embeddable":true,"href":"https:\/\/agora.xtec.cat\/escolabacdecerdanya\/wp-json\/wp\/v2\/media\/5885"}],"wp:attachment":[{"href":"https:\/\/agora.xtec.cat\/escolabacdecerdanya\/wp-json\/wp\/v2\/media?parent=5881"}],"wp:term":[{"taxonomy":"category","embeddable":true,"href":"https:\/\/agora.xtec.cat\/escolabacdecerdanya\/wp-json\/wp\/v2\/categories?post=5881"},{"taxonomy":"post_tag","embeddable":true,"href":"https:\/\/agora.xtec.cat\/escolabacdecerdanya\/wp-json\/wp\/v2\/tags?post=5881"}],"curies":[{"name":"wp","href":"https:\/\/api.w.org\/{rel}","templated":true}]}}